{"id":25123,"date":"2026-01-29T13:36:21","date_gmt":"2026-01-29T12:36:21","guid":{"rendered":"https:\/\/www.skeppsholmsgruppen.se\/operativer-sous-chef-kuechenleiter-bei-skeppsholmsgruppen-ab\/"},"modified":"2026-01-30T11:00:55","modified_gmt":"2026-01-30T10:00:55","slug":"operativer-sous-chef-kuechenleiter-bei-skeppsholmsgruppen-ab","status":"publish","type":"post","link":"https:\/\/www.skeppsholmsgruppen.se\/de\/operativer-sous-chef-kuechenleiter-bei-skeppsholmsgruppen-ab\/","title":{"rendered":"Operativer Sous Chef \/ K\u00fcchenleiter bei Skeppsholmsgruppen AB"},"content":{"rendered":"\n<p><strong>Operativer Sous Chef \/ K\u00fcchenleiter bei Skeppsholmsgruppen AB<\/strong><\/p>\n\n<p><strong>M\u00f6chten Sie Teil des Aufbaus von etwas Realem sein?<\/strong><\/p>\n\n<p>Skeppsholmsgruppen AB ist ein junges Unternehmen in einer starken Wachstumsphase mit hohen Ambitionen und einer klaren Servicekultur. Wir bieten Catering im gesamten Gro\u00dfraum Stockholm und stehen f\u00fcr ein modernes, aber klassisches Catering, bei dem Qualit\u00e4t, Handwerkskunst und Details im Mittelpunkt stehen. Unsere Kunden treffen uns sowohl in ihren R\u00e4umlichkeiten als auch in unseren einzigartigen historischen R\u00e4umlichkeiten auf Skeppsholmen, wo wir mit Eric Ericsonhallen einen eigenen fantastischen Festsaal besitzen.  <\/p>\n\n<p>Wir suchen jetzt nach Ihnen, die eine Schl\u00fcsselrolle in der K\u00fcche \u00fcbernehmen und dabei helfen m\u00f6chten, das Team und das Unternehmen weiterzuentwickeln.<\/p>\n\n<p><strong>\u00dcber die Rollen<\/strong><\/p>\n\n<p>Als operativer Sous Chef \/ K\u00fcchenleiter bei uns \u00fcbernehmen Sie gro\u00dfe Verantwortung f\u00fcr die t\u00e4gliche K\u00fcchenarbeit und arbeiten selbstst\u00e4ndig, strukturiert und ergebnisorientiert. Sie sind eine nat\u00fcrliche F\u00fchrungspers\u00f6nlichkeit, sowohl in operativer als auch in sozialer Hinsicht, und tragen zu hoher Qualit\u00e4t, Effizienz und Arbeitszufriedenheit im Team bei. <\/p>\n\n<p>Sie sind unter anderem verantwortlich f\u00fcr:<\/p>\n\n<ul class=\"wp-block-list\">\n<li>F\u00fchren und Organisieren der t\u00e4glichen Arbeit in der K\u00fcche<\/li>\n\n\n\n<li>Gew\u00e4hrleisten Sie hohe Qualit\u00e4t, Geschwindigkeit und Servicequalit\u00e4t<\/li>\n\n\n\n<li>Arbeiten Sie operativ mit Cateringauftr\u00e4gen im gesamten Gro\u00dfraum Stockholm<\/li>\n\n\n\n<li>Neue Mitarbeiter einf\u00fchren und betreuen<\/li>\n\n\n\n<li>Seien Sie ein klarer Ansprechpartner und ein Vorbild f\u00fcr das K\u00fcchenteam<\/li>\n\n\n\n<li>Arbeiten Sie eng mit anderen Organisationen zusammen, um die Integrit\u00e4t der Lieferung zu gew\u00e4hrleisten<\/li>\n<\/ul>\n\n<p><strong>Wen wir suchen<\/strong><\/p>\n\n<p>Wir suchen nach Menschen, die:<\/p>\n\n<ul class=\"wp-block-list\">\n<li>Sie verf\u00fcgen \u00fcber mindestens drei Jahre nachweisliche Erfahrung in der Gastronomie<\/li>\n\n\n\n<li>Sie haben Erfahrung mit der Arbeit in einer schnelllebigen und anspruchsvollen K\u00fcchenumgebung<\/li>\n\n\n\n<li>Sie sind es gewohnt, viel Verantwortung zu \u00fcbernehmen und unabh\u00e4ngig zu arbeiten.<\/li>\n\n\n\n<li>Hat Erfahrung in der Einf\u00fchrung, Betreuung und F\u00fchrung anderer Personen<\/li>\n\n\n\n<li>Ist eine nat\u00fcrliche und selbstbewusste F\u00fchrungspers\u00f6nlichkeit in der K\u00fcche<\/li>\n\n\n\n<li>Hat eine gute Arbeitsmoral und \u00fcbernimmt Verantwortung f\u00fcr Qualit\u00e4t und Arbeitsumgebung<\/li>\n\n\n\n<li>Verf\u00fcgt \u00fcber starke zwischenmenschliche F\u00e4higkeiten und arbeitet problemlos mit Kollegen und anderen Funktionen zusammen<\/li>\n<\/ul>\n\n<p>Sie f\u00fchlen sich in einem Umfeld wohl, in dem das Unternehmen w\u00e4chst, in dem Strukturen manchmal parallel zum operativen Gesch\u00e4ft aufgebaut werden und in dem Ihr Beitrag einen gro\u00dfen Einfluss hat.<\/p>\n\n<p><strong>Besch\u00e4ftigungsbedingungen<\/strong><\/p>\n\n<ul class=\"wp-block-list\">\n<li><strong>Zugang:<\/strong> Im Fr\u00fchjahr 2026<\/li>\n\n\n\n<li><strong>Art der Besch\u00e4ftigung:<\/strong> Probezeit 6 Monate, mit dem Ziel der Festanstellung<\/li>\n\n\n\n<li><strong>Gehalt:<\/strong> Monatliches Gehalt nach Vereinbarung<\/li>\n\n\n\n<li><strong>Arbeitszeiten:<\/strong> Abwechslungsreich &#8211; in der Hochsaison kann es zu Abendarbeit kommen<\/li>\n\n\n\n<li><strong>Arbeitsort:<\/strong> In unserer K\u00fcche in Sollentuna und an Veranstaltungsorten<\/li>\n<\/ul>\n\n<p><\/p>\n\n<p><strong>\u00dcber uns &#8211; vom Bauernhof bis auf den Tisch<\/strong><\/p>\n\n<p>Bei Skeppsholmsgruppen kochen wir alle unsere Speisen von Grund auf neu, mit saisonalen Zutaten und echter Handwerkskunst in jeder Phase. Rohstoffe, Qualit\u00e4t und Nachhaltigkeit sind unsere Leitprinzipien. F\u00fcr uns geht es bei Lebensmitteln um Respekt &#8211; gegen\u00fcber den Rohstoffen, den Tieren, der Natur und den Menschen, die sie genie\u00dfen.<br\/>Reine Aromen, ehrliche Lebensmittel und Qualit\u00e4t, die man auf dem Teller sp\u00fcrt.  <\/p>\n\n<p>Unser Catering ist mehr als nur Essen. Es ist eine ganzheitliche Erfahrung, bei der Leidenschaft, Liebe zum Detail und Sorgfalt alles durchdringen, was wir tun &#8211; von der ersten Planung bis zum Servieren. Jeder Auftrag ist einzigartig, und unser Engagement zeigt sich in jedem Detail.  <\/p>\n\n<p>Bei uns sind Sie Teil eines Teams, das sich f\u00fcr Lebensmittel, Qualit\u00e4t und Stolz auf den Beruf begeistert &#8211; wo Ideen Raum gegeben wird und wir gemeinsam etwas Echtes schaffen.<\/p>\n\n<p>Willkommen mit Ihrem Lebenslauf und Ihrer Bewerbung an: Elin Dahlkvist Frid &#8211; <a href=\"mailto:elin@skeppsholmsgruppen.se\">elin@skeppsholmsgruppen.se<\/a><\/p>\n\n<p><\/p>\n","protected":false},"excerpt":{"rendered":"<p>Operativer Sous Chef \/ K\u00fcchenleiter bei Skeppsholmsgruppen AB M\u00f6chten Sie Teil des Aufbaus von etwas Realem sein? Skeppsholmsgruppen AB ist ein junges Unternehmen in einer starken Wachstumsphase mit hohen Ambitionen und einer klaren Servicekultur. Wir bieten Catering im gesamten Gro\u00dfraum Stockholm und stehen f\u00fcr ein modernes, aber klassisches Catering, bei dem Qualit\u00e4t, Handwerkskunst und Details [&hellip;]<\/p>\n","protected":false},"author":247968714,"featured_media":25133,"comment_status":"closed","ping_status":"closed","sticky":false,"template":"","format":"standard","meta":{"_acf_changed":false,"footnotes":""},"categories":[1372367],"tags":[],"class_list":["post-25123","post","type-post","status-publish","format-standard","has-post-thumbnail","hentry","category-nachrichten"],"acf":[],"yoast_head":"<!-- This site is optimized with the Yoast SEO plugin v27.5 - https:\/\/yoast.com\/product\/yoast-seo-wordpress\/ -->\n<title>Operativer Sous Chef \/ K\u00fcchenleiter bei Skeppsholmsgruppen AB - Skeppsholmsgruppen<\/title>\n<meta name=\"robots\" content=\"index, follow, max-snippet:-1, max-image-preview:large, max-video-preview:-1\" \/>\n<link rel=\"canonical\" href=\"https:\/\/www.skeppsholmsgruppen.se\/de\/operativer-sous-chef-kuechenleiter-bei-skeppsholmsgruppen-ab\/\" \/>\n<meta property=\"og:locale\" content=\"de_DE\" \/>\n<meta property=\"og:type\" content=\"article\" \/>\n<meta property=\"og:title\" content=\"Operativer Sous Chef \/ K\u00fcchenleiter bei Skeppsholmsgruppen AB - Skeppsholmsgruppen\" \/>\n<meta property=\"og:description\" content=\"Operativer Sous Chef \/ K\u00fcchenleiter bei Skeppsholmsgruppen AB M\u00f6chten Sie Teil des Aufbaus von etwas Realem sein? Skeppsholmsgruppen AB ist ein junges Unternehmen in einer starken Wachstumsphase mit hohen Ambitionen und einer klaren Servicekultur. Wir bieten Catering im gesamten Gro\u00dfraum Stockholm und stehen f\u00fcr ein modernes, aber klassisches Catering, bei dem Qualit\u00e4t, Handwerkskunst und Details [&hellip;]\" \/>\n<meta property=\"og:url\" content=\"https:\/\/www.skeppsholmsgruppen.se\/de\/operativer-sous-chef-kuechenleiter-bei-skeppsholmsgruppen-ab\/\" \/>\n<meta property=\"og:site_name\" content=\"Skeppsholmsgruppen\" \/>\n<meta property=\"article:published_time\" content=\"2026-01-29T12:36:21+00:00\" \/>\n<meta property=\"article:modified_time\" content=\"2026-01-30T10:00:55+00:00\" \/>\n<meta property=\"og:image\" content=\"https:\/\/www.skeppsholmsgruppen.se\/wp-content\/uploads\/2026\/01\/Skarmavbild-2026-01-29-kl.-13.40.26.png\" \/>\n\t<meta property=\"og:image:width\" content=\"1366\" \/>\n\t<meta property=\"og:image:height\" content=\"748\" \/>\n\t<meta property=\"og:image:type\" content=\"image\/png\" \/>\n<meta name=\"author\" content=\"Anna\" \/>\n<meta name=\"twitter:card\" content=\"summary_large_image\" \/>\n<meta name=\"twitter:label1\" content=\"Verfasst von\" \/>\n\t<meta name=\"twitter:data1\" content=\"Anna\" \/>\n\t<meta name=\"twitter:label2\" content=\"Gesch\u00e4tzte Lesezeit\" \/>\n\t<meta name=\"twitter:data2\" content=\"3\u00a0Minuten\" \/>\n<script type=\"application\/ld+json\" class=\"yoast-schema-graph\">{\"@context\":\"https:\\\/\\\/schema.org\",\"@graph\":[{\"@type\":\"Article\",\"@id\":\"https:\\\/\\\/www.skeppsholmsgruppen.se\\\/de\\\/operativer-sous-chef-kuechenleiter-bei-skeppsholmsgruppen-ab\\\/#article\",\"isPartOf\":{\"@id\":\"https:\\\/\\\/www.skeppsholmsgruppen.se\\\/de\\\/operativer-sous-chef-kuechenleiter-bei-skeppsholmsgruppen-ab\\\/\"},\"author\":{\"name\":\"Anna\",\"@id\":\"https:\\\/\\\/skeppsholmsgruppen.se\\\/#\\\/schema\\\/person\\\/3c596cb46fb415382e5494d7f6e4c914\"},\"headline\":\"Operativer Sous Chef \\\/ K\u00fcchenleiter bei Skeppsholmsgruppen AB\",\"datePublished\":\"2026-01-29T12:36:21+00:00\",\"dateModified\":\"2026-01-30T10:00:55+00:00\",\"mainEntityOfPage\":{\"@id\":\"https:\\\/\\\/www.skeppsholmsgruppen.se\\\/de\\\/operativer-sous-chef-kuechenleiter-bei-skeppsholmsgruppen-ab\\\/\"},\"wordCount\":603,\"publisher\":{\"@id\":\"https:\\\/\\\/skeppsholmsgruppen.se\\\/#organization\"},\"image\":{\"@id\":\"https:\\\/\\\/www.skeppsholmsgruppen.se\\\/de\\\/operativer-sous-chef-kuechenleiter-bei-skeppsholmsgruppen-ab\\\/#primaryimage\"},\"thumbnailUrl\":\"https:\\\/\\\/www.skeppsholmsgruppen.se\\\/wp-content\\\/uploads\\\/2026\\\/01\\\/Skarmavbild-2026-01-29-kl.-13.40.26.png\",\"articleSection\":[\"Nachrichten\"],\"inLanguage\":\"de\"},{\"@type\":\"WebPage\",\"@id\":\"https:\\\/\\\/www.skeppsholmsgruppen.se\\\/de\\\/operativer-sous-chef-kuechenleiter-bei-skeppsholmsgruppen-ab\\\/\",\"url\":\"https:\\\/\\\/www.skeppsholmsgruppen.se\\\/de\\\/operativer-sous-chef-kuechenleiter-bei-skeppsholmsgruppen-ab\\\/\",\"name\":\"Operativer Sous Chef \\\/ K\u00fcchenleiter bei Skeppsholmsgruppen AB - Skeppsholmsgruppen\",\"isPartOf\":{\"@id\":\"https:\\\/\\\/skeppsholmsgruppen.se\\\/#website\"},\"primaryImageOfPage\":{\"@id\":\"https:\\\/\\\/www.skeppsholmsgruppen.se\\\/de\\\/operativer-sous-chef-kuechenleiter-bei-skeppsholmsgruppen-ab\\\/#primaryimage\"},\"image\":{\"@id\":\"https:\\\/\\\/www.skeppsholmsgruppen.se\\\/de\\\/operativer-sous-chef-kuechenleiter-bei-skeppsholmsgruppen-ab\\\/#primaryimage\"},\"thumbnailUrl\":\"https:\\\/\\\/www.skeppsholmsgruppen.se\\\/wp-content\\\/uploads\\\/2026\\\/01\\\/Skarmavbild-2026-01-29-kl.-13.40.26.png\",\"datePublished\":\"2026-01-29T12:36:21+00:00\",\"dateModified\":\"2026-01-30T10:00:55+00:00\",\"breadcrumb\":{\"@id\":\"https:\\\/\\\/www.skeppsholmsgruppen.se\\\/de\\\/operativer-sous-chef-kuechenleiter-bei-skeppsholmsgruppen-ab\\\/#breadcrumb\"},\"inLanguage\":\"de\",\"potentialAction\":[{\"@type\":\"ReadAction\",\"target\":[\"https:\\\/\\\/www.skeppsholmsgruppen.se\\\/de\\\/operativer-sous-chef-kuechenleiter-bei-skeppsholmsgruppen-ab\\\/\"]}]},{\"@type\":\"ImageObject\",\"inLanguage\":\"de\",\"@id\":\"https:\\\/\\\/www.skeppsholmsgruppen.se\\\/de\\\/operativer-sous-chef-kuechenleiter-bei-skeppsholmsgruppen-ab\\\/#primaryimage\",\"url\":\"https:\\\/\\\/www.skeppsholmsgruppen.se\\\/wp-content\\\/uploads\\\/2026\\\/01\\\/Skarmavbild-2026-01-29-kl.-13.40.26.png\",\"contentUrl\":\"https:\\\/\\\/www.skeppsholmsgruppen.se\\\/wp-content\\\/uploads\\\/2026\\\/01\\\/Skarmavbild-2026-01-29-kl.-13.40.26.png\",\"width\":1366,\"height\":748},{\"@type\":\"BreadcrumbList\",\"@id\":\"https:\\\/\\\/www.skeppsholmsgruppen.se\\\/de\\\/operativer-sous-chef-kuechenleiter-bei-skeppsholmsgruppen-ab\\\/#breadcrumb\",\"itemListElement\":[{\"@type\":\"ListItem\",\"position\":1,\"name\":\"Hem\",\"item\":\"https:\\\/\\\/www.skeppsholmsgruppen.se\\\/de\\\/\"},{\"@type\":\"ListItem\",\"position\":2,\"name\":\"Operativer Sous Chef \\\/ K\u00fcchenleiter bei Skeppsholmsgruppen AB\"}]},{\"@type\":\"WebSite\",\"@id\":\"https:\\\/\\\/skeppsholmsgruppen.se\\\/#website\",\"url\":\"https:\\\/\\\/skeppsholmsgruppen.se\\\/\",\"name\":\"Skeppsholmsgruppen\",\"description\":\"En historisk p\u00e4rla f\u00f6r konferens, event och fest bel\u00e4gen mitt i hj\u00e4rtat av Stockhom.\",\"publisher\":{\"@id\":\"https:\\\/\\\/skeppsholmsgruppen.se\\\/#organization\"},\"potentialAction\":[{\"@type\":\"SearchAction\",\"target\":{\"@type\":\"EntryPoint\",\"urlTemplate\":\"https:\\\/\\\/skeppsholmsgruppen.se\\\/?s={search_term_string}\"},\"query-input\":{\"@type\":\"PropertyValueSpecification\",\"valueRequired\":true,\"valueName\":\"search_term_string\"}}],\"inLanguage\":\"de\"},{\"@type\":\"Organization\",\"@id\":\"https:\\\/\\\/skeppsholmsgruppen.se\\\/#organization\",\"name\":\"Skeppsholmsgruppen\",\"url\":\"https:\\\/\\\/skeppsholmsgruppen.se\\\/\",\"logo\":{\"@type\":\"ImageObject\",\"inLanguage\":\"de\",\"@id\":\"https:\\\/\\\/skeppsholmsgruppen.se\\\/#\\\/schema\\\/logo\\\/image\\\/\",\"url\":\"https:\\\/\\\/www.skeppsholmsgruppen.se\\\/wp-content\\\/uploads\\\/2024\\\/03\\\/SHG-icon-white-130.png\",\"contentUrl\":\"https:\\\/\\\/www.skeppsholmsgruppen.se\\\/wp-content\\\/uploads\\\/2024\\\/03\\\/SHG-icon-white-130.png\",\"width\":130,\"height\":130,\"caption\":\"Skeppsholmsgruppen\"},\"image\":{\"@id\":\"https:\\\/\\\/skeppsholmsgruppen.se\\\/#\\\/schema\\\/logo\\\/image\\\/\"}},{\"@type\":\"Person\",\"@id\":\"https:\\\/\\\/skeppsholmsgruppen.se\\\/#\\\/schema\\\/person\\\/3c596cb46fb415382e5494d7f6e4c914\",\"name\":\"Anna\",\"image\":{\"@type\":\"ImageObject\",\"inLanguage\":\"de\",\"@id\":\"https:\\\/\\\/secure.gravatar.com\\\/avatar\\\/e30bc4ee9ef941b5f7ced6a5f66c284ab03347582074a11a423c71a74454b592?s=96&d=mm&r=g\",\"url\":\"https:\\\/\\\/secure.gravatar.com\\\/avatar\\\/e30bc4ee9ef941b5f7ced6a5f66c284ab03347582074a11a423c71a74454b592?s=96&d=mm&r=g\",\"contentUrl\":\"https:\\\/\\\/secure.gravatar.com\\\/avatar\\\/e30bc4ee9ef941b5f7ced6a5f66c284ab03347582074a11a423c71a74454b592?s=96&d=mm&r=g\",\"caption\":\"Anna\"},\"url\":\"https:\\\/\\\/www.skeppsholmsgruppen.se\\\/de\\\/author\\\/annapanna1978146790\\\/\"}]}<\/script>\n<!-- \/ Yoast SEO plugin. -->","yoast_head_json":{"title":"Operativer Sous Chef \/ K\u00fcchenleiter bei Skeppsholmsgruppen AB - Skeppsholmsgruppen","robots":{"index":"index","follow":"follow","max-snippet":"max-snippet:-1","max-image-preview":"max-image-preview:large","max-video-preview":"max-video-preview:-1"},"canonical":"https:\/\/www.skeppsholmsgruppen.se\/de\/operativer-sous-chef-kuechenleiter-bei-skeppsholmsgruppen-ab\/","og_locale":"de_DE","og_type":"article","og_title":"Operativer Sous Chef \/ K\u00fcchenleiter bei Skeppsholmsgruppen AB - Skeppsholmsgruppen","og_description":"Operativer Sous Chef \/ K\u00fcchenleiter bei Skeppsholmsgruppen AB M\u00f6chten Sie Teil des Aufbaus von etwas Realem sein? Skeppsholmsgruppen AB ist ein junges Unternehmen in einer starken Wachstumsphase mit hohen Ambitionen und einer klaren Servicekultur. Wir bieten Catering im gesamten Gro\u00dfraum Stockholm und stehen f\u00fcr ein modernes, aber klassisches Catering, bei dem Qualit\u00e4t, Handwerkskunst und Details [&hellip;]","og_url":"https:\/\/www.skeppsholmsgruppen.se\/de\/operativer-sous-chef-kuechenleiter-bei-skeppsholmsgruppen-ab\/","og_site_name":"Skeppsholmsgruppen","article_published_time":"2026-01-29T12:36:21+00:00","article_modified_time":"2026-01-30T10:00:55+00:00","og_image":[{"width":1366,"height":748,"url":"https:\/\/www.skeppsholmsgruppen.se\/wp-content\/uploads\/2026\/01\/Skarmavbild-2026-01-29-kl.-13.40.26.png","type":"image\/png"}],"author":"Anna","twitter_card":"summary_large_image","twitter_misc":{"Verfasst von":"Anna","Gesch\u00e4tzte Lesezeit":"3\u00a0Minuten"},"schema":{"@context":"https:\/\/schema.org","@graph":[{"@type":"Article","@id":"https:\/\/www.skeppsholmsgruppen.se\/de\/operativer-sous-chef-kuechenleiter-bei-skeppsholmsgruppen-ab\/#article","isPartOf":{"@id":"https:\/\/www.skeppsholmsgruppen.se\/de\/operativer-sous-chef-kuechenleiter-bei-skeppsholmsgruppen-ab\/"},"author":{"name":"Anna","@id":"https:\/\/skeppsholmsgruppen.se\/#\/schema\/person\/3c596cb46fb415382e5494d7f6e4c914"},"headline":"Operativer Sous Chef \/ K\u00fcchenleiter bei Skeppsholmsgruppen AB","datePublished":"2026-01-29T12:36:21+00:00","dateModified":"2026-01-30T10:00:55+00:00","mainEntityOfPage":{"@id":"https:\/\/www.skeppsholmsgruppen.se\/de\/operativer-sous-chef-kuechenleiter-bei-skeppsholmsgruppen-ab\/"},"wordCount":603,"publisher":{"@id":"https:\/\/skeppsholmsgruppen.se\/#organization"},"image":{"@id":"https:\/\/www.skeppsholmsgruppen.se\/de\/operativer-sous-chef-kuechenleiter-bei-skeppsholmsgruppen-ab\/#primaryimage"},"thumbnailUrl":"https:\/\/www.skeppsholmsgruppen.se\/wp-content\/uploads\/2026\/01\/Skarmavbild-2026-01-29-kl.-13.40.26.png","articleSection":["Nachrichten"],"inLanguage":"de"},{"@type":"WebPage","@id":"https:\/\/www.skeppsholmsgruppen.se\/de\/operativer-sous-chef-kuechenleiter-bei-skeppsholmsgruppen-ab\/","url":"https:\/\/www.skeppsholmsgruppen.se\/de\/operativer-sous-chef-kuechenleiter-bei-skeppsholmsgruppen-ab\/","name":"Operativer Sous Chef \/ K\u00fcchenleiter bei Skeppsholmsgruppen AB - Skeppsholmsgruppen","isPartOf":{"@id":"https:\/\/skeppsholmsgruppen.se\/#website"},"primaryImageOfPage":{"@id":"https:\/\/www.skeppsholmsgruppen.se\/de\/operativer-sous-chef-kuechenleiter-bei-skeppsholmsgruppen-ab\/#primaryimage"},"image":{"@id":"https:\/\/www.skeppsholmsgruppen.se\/de\/operativer-sous-chef-kuechenleiter-bei-skeppsholmsgruppen-ab\/#primaryimage"},"thumbnailUrl":"https:\/\/www.skeppsholmsgruppen.se\/wp-content\/uploads\/2026\/01\/Skarmavbild-2026-01-29-kl.-13.40.26.png","datePublished":"2026-01-29T12:36:21+00:00","dateModified":"2026-01-30T10:00:55+00:00","breadcrumb":{"@id":"https:\/\/www.skeppsholmsgruppen.se\/de\/operativer-sous-chef-kuechenleiter-bei-skeppsholmsgruppen-ab\/#breadcrumb"},"inLanguage":"de","potentialAction":[{"@type":"ReadAction","target":["https:\/\/www.skeppsholmsgruppen.se\/de\/operativer-sous-chef-kuechenleiter-bei-skeppsholmsgruppen-ab\/"]}]},{"@type":"ImageObject","inLanguage":"de","@id":"https:\/\/www.skeppsholmsgruppen.se\/de\/operativer-sous-chef-kuechenleiter-bei-skeppsholmsgruppen-ab\/#primaryimage","url":"https:\/\/www.skeppsholmsgruppen.se\/wp-content\/uploads\/2026\/01\/Skarmavbild-2026-01-29-kl.-13.40.26.png","contentUrl":"https:\/\/www.skeppsholmsgruppen.se\/wp-content\/uploads\/2026\/01\/Skarmavbild-2026-01-29-kl.-13.40.26.png","width":1366,"height":748},{"@type":"BreadcrumbList","@id":"https:\/\/www.skeppsholmsgruppen.se\/de\/operativer-sous-chef-kuechenleiter-bei-skeppsholmsgruppen-ab\/#breadcrumb","itemListElement":[{"@type":"ListItem","position":1,"name":"Hem","item":"https:\/\/www.skeppsholmsgruppen.se\/de\/"},{"@type":"ListItem","position":2,"name":"Operativer Sous Chef \/ K\u00fcchenleiter bei Skeppsholmsgruppen AB"}]},{"@type":"WebSite","@id":"https:\/\/skeppsholmsgruppen.se\/#website","url":"https:\/\/skeppsholmsgruppen.se\/","name":"Skeppsholmsgruppen","description":"En historisk p\u00e4rla f\u00f6r konferens, event och fest bel\u00e4gen mitt i hj\u00e4rtat av Stockhom.","publisher":{"@id":"https:\/\/skeppsholmsgruppen.se\/#organization"},"potentialAction":[{"@type":"SearchAction","target":{"@type":"EntryPoint","urlTemplate":"https:\/\/skeppsholmsgruppen.se\/?s={search_term_string}"},"query-input":{"@type":"PropertyValueSpecification","valueRequired":true,"valueName":"search_term_string"}}],"inLanguage":"de"},{"@type":"Organization","@id":"https:\/\/skeppsholmsgruppen.se\/#organization","name":"Skeppsholmsgruppen","url":"https:\/\/skeppsholmsgruppen.se\/","logo":{"@type":"ImageObject","inLanguage":"de","@id":"https:\/\/skeppsholmsgruppen.se\/#\/schema\/logo\/image\/","url":"https:\/\/www.skeppsholmsgruppen.se\/wp-content\/uploads\/2024\/03\/SHG-icon-white-130.png","contentUrl":"https:\/\/www.skeppsholmsgruppen.se\/wp-content\/uploads\/2024\/03\/SHG-icon-white-130.png","width":130,"height":130,"caption":"Skeppsholmsgruppen"},"image":{"@id":"https:\/\/skeppsholmsgruppen.se\/#\/schema\/logo\/image\/"}},{"@type":"Person","@id":"https:\/\/skeppsholmsgruppen.se\/#\/schema\/person\/3c596cb46fb415382e5494d7f6e4c914","name":"Anna","image":{"@type":"ImageObject","inLanguage":"de","@id":"https:\/\/secure.gravatar.com\/avatar\/e30bc4ee9ef941b5f7ced6a5f66c284ab03347582074a11a423c71a74454b592?s=96&d=mm&r=g","url":"https:\/\/secure.gravatar.com\/avatar\/e30bc4ee9ef941b5f7ced6a5f66c284ab03347582074a11a423c71a74454b592?s=96&d=mm&r=g","contentUrl":"https:\/\/secure.gravatar.com\/avatar\/e30bc4ee9ef941b5f7ced6a5f66c284ab03347582074a11a423c71a74454b592?s=96&d=mm&r=g","caption":"Anna"},"url":"https:\/\/www.skeppsholmsgruppen.se\/de\/author\/annapanna1978146790\/"}]}},"_links":{"self":[{"href":"https:\/\/www.skeppsholmsgruppen.se\/de\/wp-json\/wp\/v2\/posts\/25123","targetHints":{"allow":["GET"]}}],"collection":[{"href":"https:\/\/www.skeppsholmsgruppen.se\/de\/wp-json\/wp\/v2\/posts"}],"about":[{"href":"https:\/\/www.skeppsholmsgruppen.se\/de\/wp-json\/wp\/v2\/types\/post"}],"author":[{"embeddable":true,"href":"https:\/\/www.skeppsholmsgruppen.se\/de\/wp-json\/wp\/v2\/users\/247968714"}],"replies":[{"embeddable":true,"href":"https:\/\/www.skeppsholmsgruppen.se\/de\/wp-json\/wp\/v2\/comments?post=25123"}],"version-history":[{"count":3,"href":"https:\/\/www.skeppsholmsgruppen.se\/de\/wp-json\/wp\/v2\/posts\/25123\/revisions"}],"predecessor-version":[{"id":25151,"href":"https:\/\/www.skeppsholmsgruppen.se\/de\/wp-json\/wp\/v2\/posts\/25123\/revisions\/25151"}],"wp:featuredmedia":[{"embeddable":true,"href":"https:\/\/www.skeppsholmsgruppen.se\/de\/wp-json\/wp\/v2\/media\/25133"}],"wp:attachment":[{"href":"https:\/\/www.skeppsholmsgruppen.se\/de\/wp-json\/wp\/v2\/media?parent=25123"}],"wp:term":[{"taxonomy":"category","embeddable":true,"href":"https:\/\/www.skeppsholmsgruppen.se\/de\/wp-json\/wp\/v2\/categories?post=25123"},{"taxonomy":"post_tag","embeddable":true,"href":"https:\/\/www.skeppsholmsgruppen.se\/de\/wp-json\/wp\/v2\/tags?post=25123"}],"curies":[{"name":"wp","href":"https:\/\/api.w.org\/{rel}","templated":true}]}}