{"id":17603,"date":"2025-01-07T12:38:28","date_gmt":"2025-01-07T11:38:28","guid":{"rendered":"https:\/\/www.skeppsholmsgruppen.se\/conoce-al-equipo-malin-ljungblom-directora-de-proyectos-de-ventas-para-eventos-del-mercado-privado\/"},"modified":"2025-01-07T12:38:28","modified_gmt":"2025-01-07T11:38:28","slug":"conoce-al-equipo-malin-ljungblom-directora-de-proyectos-de-ventas-para-eventos-del-mercado-privado","status":"publish","type":"post","link":"https:\/\/www.skeppsholmsgruppen.se\/es\/conoce-al-equipo-malin-ljungblom-directora-de-proyectos-de-ventas-para-eventos-del-mercado-privado\/","title":{"rendered":"CONOCE AL EQUIPO: Malin Ljungblom directora de proyectos de ventas para eventos del mercado privado"},"content":{"rendered":"<h2><strong>Malin Ljungblom se une al Grupo Skeppsholm con una s\u00f3lida experiencia en el sector y pasi\u00f3n por las experiencias, la cultura y la m\u00fasica.<\/strong><\/h2>\n<p>Nos complace dar la bienvenida a Malin Ljungblom como nueva Directora de Proyectos de Skeppsholmsgruppen. Con una s\u00f3lida formaci\u00f3n en el sector de la hosteler\u00eda y una gran pasi\u00f3n por crear experiencias memorables, esperamos con impaciencia las contribuciones que aportar\u00e1 a nuestro equipo. <\/p>\n<p><b><span data-contrast=\"auto\">\u00bfPuedes hablarnos un poco de ti y de tus antecedentes?<\/span><\/b><span data-ccp-props=\"{\"134233117\":false,\"134233118\":false,\"335559738\":240,\"335559739\":240}\"> <\/span><\/p>\n<p><span data-contrast=\"auto\">Crec\u00ed en Eker\u00f6, un lugar que combina mundos diferentes: desde castillos reales y pastos de vacas hasta graneros pintados con graffiti y villas de lujo. Esta diversidad tambi\u00e9n me refleja como persona; tengo un ardiente inter\u00e9s por los caballos y disfruto de la vida en el campo, mientras que me encanta el pulso de la ciudad y estar donde est\u00e1 la acci\u00f3n. Las experiencias y la creaci\u00f3n de recuerdos es algo que me apasiona, que es tambi\u00e9n la raz\u00f3n por la que trabajo en lo que hago hoy.  <\/span><span data-ccp-props=\"{\"134233117\":false,\"134233118\":false,\"335559738\":240,\"335559739\":240}\"> <\/span><\/p>\n<p><b><span data-contrast=\"auto\">\u00bfQu\u00e9 te atrajo a unirte al Grupo Skeppsholm?<\/span><\/b><span data-ccp-props=\"{\"134233117\":false,\"134233118\":false,\"335559738\":240,\"335559739\":240}\"> <\/span><\/p>\n<p><span data-contrast=\"auto\">La oportunidad de trabajar con una gama tan amplia de locales diferentes en un lugar m\u00e1gico como Skeppsholmen era sumamente atractiva. Trabajar con las propietarias, Elin y Matilda, que tienen un gran empuje y ambici\u00f3n por crecer y ofrecer experiencias de talla mundial, realmente me inspira. La pasi\u00f3n por las experiencias, la cultura y la m\u00fasica impregna realmente el negocio aqu\u00ed, y es fant\u00e1stico trabajar con gente que comparte tu inter\u00e9s.  <\/span><span data-ccp-props=\"{\"134233117\":false,\"134233118\":false,\"335559738\":240,\"335559739\":240}\"> <\/span><\/p>\n<p><b><span data-contrast=\"auto\">\u00bfQu\u00e9 hac\u00edas antes de empezar aqu\u00ed, y c\u00f3mo crees que tu experiencia previa puede contribuir a tu nuevo puesto?<\/span><\/b><span data-ccp-props=\"{\"134233117\":false,\"134233118\":false,\"335559738\":240,\"335559739\":240}\"> <\/span><\/p>\n<p><span data-contrast=\"auto\">He trabajado en el sector de la hosteler\u00eda durante toda mi vida laboral. Empec\u00e9 dirigiendo una peque\u00f1a cafeter\u00eda en Kungsholmen junto con mi padre. Despu\u00e9s, he desempe\u00f1ado diversos cargos de responsabilidad en varios bares de la ciudad, as\u00ed como un periodo en Noruega y Espa\u00f1a. En los \u00faltimos a\u00f1os he trabajado como gestora de proyectos para eventos en Fotografiska.   <\/span><span data-ccp-props=\"{\"134233117\":false,\"134233118\":false,\"335559738\":240,\"335559739\":240}\"> <\/span><\/p>\n<p><span data-contrast=\"auto\">Me encanta desarrollarme y aprender cosas nuevas, por lo que he asistido a varios programas de formaci\u00f3n y me he graduado como desarrolladora de conceptos para hosteler\u00eda y eventos en la IHM Business School. Tambi\u00e9n he estudiado gesti\u00f3n de ingresos para hosteler\u00eda, gesti\u00f3n de m\u00fasica innovadora y desarrollo de conceptos de eventos digitales. Mi formaci\u00f3n contribuye a mi perspicacia empresarial y a mi capacidad para crear la oferta adecuada para la persona adecuada. Mi experiencia en el sector de la restauraci\u00f3n me da una idea de lo que se necesita para garantizar el mejor servicio y experiencia posibles durante los eventos.   <\/span><span data-ccp-props=\"{\"134233117\":false,\"134233118\":false,\"335559738\":240,\"335559739\":240}\"> <\/span><\/p>\n<p><b><span data-contrast=\"auto\">\u00bfCu\u00e1l es tu papel en Skeppsholmsgruppen y qu\u00e9 significa en la pr\u00e1ctica?<\/span><\/b><span data-ccp-props=\"{\"134233117\":false,\"134233118\":false,\"335559738\":240,\"335559739\":240}\"> <\/span><\/p>\n<p><span data-contrast=\"auto\">Mi funci\u00f3n es la de gestora de proyectos de ventas para eventos dirigidos al mercado privado. Esto significa que vender\u00e9 y atender\u00e9 las consultas relativas a la reserva de nuestros fant\u00e1sticos locales, adem\u00e1s de gestionar los proyectos y responsabilizarme de ellos durante la fase de planificaci\u00f3n y ejecuci\u00f3n. Mi funci\u00f3n tambi\u00e9n incluye el desarrollo constante de nuestro producto y nuestras ofertas, as\u00ed como la creaci\u00f3n de soluciones lo m\u00e1s inteligentes y atractivas posible para nuestros clientes.  <\/span><span data-ccp-props=\"{\"134233117\":false,\"134233118\":false,\"335559738\":240,\"335559739\":240}\"> <\/span><\/p>\n<p><b><span data-contrast=\"auto\">\u00bfEn qu\u00e9 te hace m\u00e1s ilusi\u00f3n trabajar aqu\u00ed?<\/span><\/b><span data-ccp-props=\"{\"134233117\":false,\"134233118\":false,\"335559738\":240,\"335559739\":240}\"> <\/span><\/p>\n<p><span data-contrast=\"auto\">Estoy deseando formar parte de la emocionante fase de crecimiento en la que se encuentra el Grupo Skeppsholm.<\/span><span data-ccp-props=\"{\"134233117\":false,\"134233118\":false,\"335559738\":240,\"335559739\":240}\"> <\/span><\/p>\n<p><b><span data-contrast=\"auto\">\u00bfC\u00f3mo esperas contribuir al Grupo Skeppsholm y a su futuro desarrollo?<\/span><\/b><span data-ccp-props=\"{\"134233117\":false,\"134233118\":false,\"335559738\":240,\"335559739\":240}\"> <\/span><\/p>\n<p><span data-contrast=\"auto\">Espero que mi empuje y experiencia en eventos y desarrollo de negocios y conceptos contribuyan positivamente al futuro desarrollo del Grupo Skeppsholms.<\/span><span data-ccp-props=\"{\"134233117\":false,\"134233118\":false,\"335559738\":240,\"335559739\":240}\"> <\/span><\/p>\n<p><b><span data-contrast=\"auto\">\u00bfC\u00f3mo ha sido tu primera vez en Skeppsholmsgruppen?<\/span><\/b><span data-ccp-props=\"{\"134233117\":false,\"134233118\":false,\"335559738\":240,\"335559739\":240}\"> <\/span><\/p>\n<p><span data-contrast=\"auto\">Me he sentido muy bien acogida y cuidada.<\/span><span data-ccp-props=\"{\"134233117\":false,\"134233118\":false,\"335559738\":240,\"335559739\":240}\"> <\/span><\/p>\n<p><b><span data-contrast=\"auto\">\u00bfCu\u00e1l es tu primera impresi\u00f3n del equipo y de la cultura del lugar de trabajo?<\/span><\/b><span data-ccp-props=\"{\"134233117\":false,\"134233118\":false,\"335559738\":240,\"335559739\":240}\"> <\/span><\/p>\n<p><span data-contrast=\"auto\">\u00a1Qu\u00e9 estrellas del evento! \u00a1Qu\u00e9 empuje! Cada d\u00eda me impresiona el alto nivel del equipo que hay aqu\u00ed. Siento que hay un techo alto y que todos trabajamos juntos hacia el mismo objetivo: propietarios, vendedores, gestores de proyectos y socios.   <\/span><span data-ccp-props=\"{\"134233117\":false,\"134233118\":false,\"335559738\":240,\"335559739\":240}\"> <\/span><\/p>\n<p><b><span data-contrast=\"auto\">\u00bfHay algo que te haya sorprendido desde que empezaste?<\/span><\/b><span data-ccp-props=\"{\"134233117\":false,\"134233118\":false,\"335559738\":240,\"335559739\":240}\"> <\/span><\/p>\n<p><span data-contrast=\"auto\">Skeppsholmen. \u00a1Qu\u00e9 peque\u00f1a isla tan fant\u00e1stica! <\/span><span data-ccp-props=\"{\"134233117\":false,\"134233118\":false,\"335559738\":240,\"335559739\":240}\"> <\/span><\/p>\n<p><b><span data-contrast=\"auto\">\u00bfQu\u00e9 te gusta hacer en tu tiempo libre cuando no trabajas?<\/span><\/b><span data-ccp-props=\"{\"134233117\":false,\"134233118\":false,\"335559738\":240,\"335559739\":240}\"> <\/span><\/p>\n<p><span data-contrast=\"auto\">Var\u00eda bastante. A veces me apetece hacer yoga y pasar una noche en casa con un marat\u00f3n de Netflix. Otras veces, me apetece salir por la ciudad, socializar con amigos, probar distintos restaurantes, ir a conciertos y eventos. Unos d\u00edas estoy en el establo haciendo las maletas, otros d\u00edas viajo un fin de semana a alguna ciudad emocionante.   <\/span><span data-ccp-props=\"{\"134233117\":false,\"134233118\":false,\"335559738\":240,\"335559739\":240}\"> <\/span><\/p>\n<p><b><span data-contrast=\"auto\">\u00bfTienes un lugar favorito en Skeppsholmen (o cerca) que quieras recomendar?<\/span><\/b><span data-ccp-props=\"{\"134233117\":false,\"134233118\":false,\"335559738\":240,\"335559739\":240}\"> <\/span><\/p>\n<p><span data-contrast=\"auto\">El paseo que hago todas las ma\u00f1anas desde el metro de Kungstr\u00e4dg\u00e5rden hasta Skeppsholmen es bastante m\u00e1gico. Pasas junto a los barcos que se mecen en el muelle, ves salir el sol sobre el agua, con el castillo y el Casco Viejo de fondo. Bastante inmejorable.  <\/span><\/p>\n<p><b><span data-contrast=\"none\">Si pudieras elegir una actividad o evento de ensue\u00f1o para organizar en Skeppsholmen, \u00bfcu\u00e1l ser\u00eda?<\/span><\/b><\/p>\n<p><span data-contrast=\"none\">No me negar\u00eda a organizar un festival de m\u00fasica en el que cada local ofreciera m\u00fasica en directo de distintos tipos, en el que los asistentes pudieran entrar sin m\u00e1s y descubrir g\u00e9neros que quiz\u00e1 no hayan o\u00eddo nunca, pero que podr\u00edan empezar a amar. Tambi\u00e9n ser\u00e1 una oportunidad para descubrir nuevas bandas y para que la gente establezca nuevos contactos.   <\/span><span data-ccp-props=\"{\"134233117\":false,\"134233118\":false,\"335551550\":1,\"335551620\":1,\"335557856\":16777215,\"335559738\":0,\"335559739\":160}\"> <\/span><\/p>\n<p><span data-contrast=\"none\">Tambi\u00e9n me gustar\u00eda crear eventos y actividades para combatir la soledad involuntaria.<\/span><span data-ccp-props=\"{\"134233117\":false,\"134233118\":false,\"335551550\":1,\"335551620\":1,\"335557856\":16777215,\"335559738\":0,\"335559739\":160}\"> <\/span><\/p>\n","protected":false},"excerpt":{"rendered":"<p>Malin Ljungblom se une al Grupo Skeppsholm con una s\u00f3lida experiencia en el sector y pasi\u00f3n por las experiencias, la cultura y la m\u00fasica. Nos complace dar la bienvenida a Malin Ljungblom como nueva Directora de Proyectos de Skeppsholmsgruppen. Con una s\u00f3lida formaci\u00f3n en el sector de la hosteler\u00eda y una gran pasi\u00f3n por crear [&hellip;]<\/p>\n","protected":false},"author":247968714,"featured_media":16053,"comment_status":"open","ping_status":"open","sticky":false,"template":"","format":"standard","meta":{"_acf_changed":false,"footnotes":""},"categories":[1372368],"tags":[],"class_list":["post-17603","post","type-post","status-publish","format-standard","has-post-thumbnail","hentry","category-noticia"],"acf":[],"yoast_head":"<!-- This site is optimized with the Yoast SEO plugin v27.5 - https:\/\/yoast.com\/product\/yoast-seo-wordpress\/ -->\n<title>CONOCE AL EQUIPO: Malin Ljungblom directora de proyectos de ventas para eventos del mercado privado - Skeppsholmsgruppen<\/title>\n<meta name=\"robots\" content=\"index, follow, max-snippet:-1, max-image-preview:large, max-video-preview:-1\" \/>\n<link rel=\"canonical\" href=\"https:\/\/www.skeppsholmsgruppen.se\/es\/conoce-al-equipo-malin-ljungblom-directora-de-proyectos-de-ventas-para-eventos-del-mercado-privado\/\" \/>\n<meta property=\"og:locale\" content=\"es_ES\" \/>\n<meta property=\"og:type\" content=\"article\" \/>\n<meta property=\"og:title\" content=\"CONOCE AL EQUIPO: Malin Ljungblom directora de proyectos de ventas para eventos del mercado privado - Skeppsholmsgruppen\" \/>\n<meta property=\"og:description\" content=\"Malin Ljungblom se une al Grupo Skeppsholm con una s\u00f3lida experiencia en el sector y pasi\u00f3n por las experiencias, la cultura y la m\u00fasica. Nos complace dar la bienvenida a Malin Ljungblom como nueva Directora de Proyectos de Skeppsholmsgruppen. Con una s\u00f3lida formaci\u00f3n en el sector de la hosteler\u00eda y una gran pasi\u00f3n por crear [&hellip;]\" \/>\n<meta property=\"og:url\" content=\"https:\/\/www.skeppsholmsgruppen.se\/es\/conoce-al-equipo-malin-ljungblom-directora-de-proyectos-de-ventas-para-eventos-del-mercado-privado\/\" \/>\n<meta property=\"og:site_name\" content=\"Skeppsholmsgruppen\" \/>\n<meta property=\"article:published_time\" content=\"2025-01-07T11:38:28+00:00\" \/>\n<meta property=\"og:image\" content=\"https:\/\/www.skeppsholmsgruppen.se\/wp-content\/uploads\/2025\/01\/Instagram-Storty-Instagram-inlagg-Fyrkantig.jpg\" \/>\n\t<meta property=\"og:image:width\" content=\"1080\" \/>\n\t<meta property=\"og:image:height\" content=\"1080\" \/>\n\t<meta property=\"og:image:type\" content=\"image\/jpeg\" \/>\n<meta name=\"author\" content=\"Anna\" \/>\n<meta name=\"twitter:card\" content=\"summary_large_image\" \/>\n<meta name=\"twitter:label1\" content=\"Escrito por\" \/>\n\t<meta name=\"twitter:data1\" content=\"Anna\" \/>\n\t<meta name=\"twitter:label2\" content=\"Tiempo de lectura\" \/>\n\t<meta name=\"twitter:data2\" content=\"5 minutos\" \/>\n<script type=\"application\/ld+json\" class=\"yoast-schema-graph\">{\"@context\":\"https:\\\/\\\/schema.org\",\"@graph\":[{\"@type\":\"Article\",\"@id\":\"https:\\\/\\\/www.skeppsholmsgruppen.se\\\/es\\\/conoce-al-equipo-malin-ljungblom-directora-de-proyectos-de-ventas-para-eventos-del-mercado-privado\\\/#article\",\"isPartOf\":{\"@id\":\"https:\\\/\\\/www.skeppsholmsgruppen.se\\\/es\\\/conoce-al-equipo-malin-ljungblom-directora-de-proyectos-de-ventas-para-eventos-del-mercado-privado\\\/\"},\"author\":{\"name\":\"Anna\",\"@id\":\"https:\\\/\\\/skeppsholmsgruppen.se\\\/#\\\/schema\\\/person\\\/3c596cb46fb415382e5494d7f6e4c914\"},\"headline\":\"CONOCE AL EQUIPO: Malin Ljungblom directora de proyectos de ventas para eventos del mercado privado\",\"datePublished\":\"2025-01-07T11:38:28+00:00\",\"mainEntityOfPage\":{\"@id\":\"https:\\\/\\\/www.skeppsholmsgruppen.se\\\/es\\\/conoce-al-equipo-malin-ljungblom-directora-de-proyectos-de-ventas-para-eventos-del-mercado-privado\\\/\"},\"wordCount\":963,\"commentCount\":0,\"publisher\":{\"@id\":\"https:\\\/\\\/skeppsholmsgruppen.se\\\/#organization\"},\"image\":{\"@id\":\"https:\\\/\\\/www.skeppsholmsgruppen.se\\\/es\\\/conoce-al-equipo-malin-ljungblom-directora-de-proyectos-de-ventas-para-eventos-del-mercado-privado\\\/#primaryimage\"},\"thumbnailUrl\":\"https:\\\/\\\/www.skeppsholmsgruppen.se\\\/wp-content\\\/uploads\\\/2025\\\/01\\\/Instagram-Storty-Instagram-inlagg-Fyrkantig.jpg\",\"articleSection\":[\"Noticia\"],\"inLanguage\":\"es\",\"potentialAction\":[{\"@type\":\"CommentAction\",\"name\":\"Comment\",\"target\":[\"https:\\\/\\\/www.skeppsholmsgruppen.se\\\/es\\\/conoce-al-equipo-malin-ljungblom-directora-de-proyectos-de-ventas-para-eventos-del-mercado-privado\\\/#respond\"]}]},{\"@type\":\"WebPage\",\"@id\":\"https:\\\/\\\/www.skeppsholmsgruppen.se\\\/es\\\/conoce-al-equipo-malin-ljungblom-directora-de-proyectos-de-ventas-para-eventos-del-mercado-privado\\\/\",\"url\":\"https:\\\/\\\/www.skeppsholmsgruppen.se\\\/es\\\/conoce-al-equipo-malin-ljungblom-directora-de-proyectos-de-ventas-para-eventos-del-mercado-privado\\\/\",\"name\":\"CONOCE AL EQUIPO: Malin Ljungblom directora de proyectos de ventas para eventos del mercado privado - Skeppsholmsgruppen\",\"isPartOf\":{\"@id\":\"https:\\\/\\\/skeppsholmsgruppen.se\\\/#website\"},\"primaryImageOfPage\":{\"@id\":\"https:\\\/\\\/www.skeppsholmsgruppen.se\\\/es\\\/conoce-al-equipo-malin-ljungblom-directora-de-proyectos-de-ventas-para-eventos-del-mercado-privado\\\/#primaryimage\"},\"image\":{\"@id\":\"https:\\\/\\\/www.skeppsholmsgruppen.se\\\/es\\\/conoce-al-equipo-malin-ljungblom-directora-de-proyectos-de-ventas-para-eventos-del-mercado-privado\\\/#primaryimage\"},\"thumbnailUrl\":\"https:\\\/\\\/www.skeppsholmsgruppen.se\\\/wp-content\\\/uploads\\\/2025\\\/01\\\/Instagram-Storty-Instagram-inlagg-Fyrkantig.jpg\",\"datePublished\":\"2025-01-07T11:38:28+00:00\",\"breadcrumb\":{\"@id\":\"https:\\\/\\\/www.skeppsholmsgruppen.se\\\/es\\\/conoce-al-equipo-malin-ljungblom-directora-de-proyectos-de-ventas-para-eventos-del-mercado-privado\\\/#breadcrumb\"},\"inLanguage\":\"es\",\"potentialAction\":[{\"@type\":\"ReadAction\",\"target\":[\"https:\\\/\\\/www.skeppsholmsgruppen.se\\\/es\\\/conoce-al-equipo-malin-ljungblom-directora-de-proyectos-de-ventas-para-eventos-del-mercado-privado\\\/\"]}]},{\"@type\":\"ImageObject\",\"inLanguage\":\"es\",\"@id\":\"https:\\\/\\\/www.skeppsholmsgruppen.se\\\/es\\\/conoce-al-equipo-malin-ljungblom-directora-de-proyectos-de-ventas-para-eventos-del-mercado-privado\\\/#primaryimage\",\"url\":\"https:\\\/\\\/www.skeppsholmsgruppen.se\\\/wp-content\\\/uploads\\\/2025\\\/01\\\/Instagram-Storty-Instagram-inlagg-Fyrkantig.jpg\",\"contentUrl\":\"https:\\\/\\\/www.skeppsholmsgruppen.se\\\/wp-content\\\/uploads\\\/2025\\\/01\\\/Instagram-Storty-Instagram-inlagg-Fyrkantig.jpg\",\"width\":1080,\"height\":1080},{\"@type\":\"BreadcrumbList\",\"@id\":\"https:\\\/\\\/www.skeppsholmsgruppen.se\\\/es\\\/conoce-al-equipo-malin-ljungblom-directora-de-proyectos-de-ventas-para-eventos-del-mercado-privado\\\/#breadcrumb\",\"itemListElement\":[{\"@type\":\"ListItem\",\"position\":1,\"name\":\"Hem\",\"item\":\"https:\\\/\\\/www.skeppsholmsgruppen.se\\\/es\\\/\"},{\"@type\":\"ListItem\",\"position\":2,\"name\":\"CONOCE AL EQUIPO: Malin Ljungblom directora de proyectos de ventas para eventos del mercado privado\"}]},{\"@type\":\"WebSite\",\"@id\":\"https:\\\/\\\/skeppsholmsgruppen.se\\\/#website\",\"url\":\"https:\\\/\\\/skeppsholmsgruppen.se\\\/\",\"name\":\"Skeppsholmsgruppen\",\"description\":\"En historisk p\u00e4rla f\u00f6r konferens, event och fest bel\u00e4gen mitt i hj\u00e4rtat av Stockhom.\",\"publisher\":{\"@id\":\"https:\\\/\\\/skeppsholmsgruppen.se\\\/#organization\"},\"potentialAction\":[{\"@type\":\"SearchAction\",\"target\":{\"@type\":\"EntryPoint\",\"urlTemplate\":\"https:\\\/\\\/skeppsholmsgruppen.se\\\/?s={search_term_string}\"},\"query-input\":{\"@type\":\"PropertyValueSpecification\",\"valueRequired\":true,\"valueName\":\"search_term_string\"}}],\"inLanguage\":\"es\"},{\"@type\":\"Organization\",\"@id\":\"https:\\\/\\\/skeppsholmsgruppen.se\\\/#organization\",\"name\":\"Skeppsholmsgruppen\",\"url\":\"https:\\\/\\\/skeppsholmsgruppen.se\\\/\",\"logo\":{\"@type\":\"ImageObject\",\"inLanguage\":\"es\",\"@id\":\"https:\\\/\\\/skeppsholmsgruppen.se\\\/#\\\/schema\\\/logo\\\/image\\\/\",\"url\":\"https:\\\/\\\/www.skeppsholmsgruppen.se\\\/wp-content\\\/uploads\\\/2024\\\/03\\\/SHG-icon-white-130.png\",\"contentUrl\":\"https:\\\/\\\/www.skeppsholmsgruppen.se\\\/wp-content\\\/uploads\\\/2024\\\/03\\\/SHG-icon-white-130.png\",\"width\":130,\"height\":130,\"caption\":\"Skeppsholmsgruppen\"},\"image\":{\"@id\":\"https:\\\/\\\/skeppsholmsgruppen.se\\\/#\\\/schema\\\/logo\\\/image\\\/\"}},{\"@type\":\"Person\",\"@id\":\"https:\\\/\\\/skeppsholmsgruppen.se\\\/#\\\/schema\\\/person\\\/3c596cb46fb415382e5494d7f6e4c914\",\"name\":\"Anna\",\"image\":{\"@type\":\"ImageObject\",\"inLanguage\":\"es\",\"@id\":\"https:\\\/\\\/secure.gravatar.com\\\/avatar\\\/e30bc4ee9ef941b5f7ced6a5f66c284ab03347582074a11a423c71a74454b592?s=96&d=mm&r=g\",\"url\":\"https:\\\/\\\/secure.gravatar.com\\\/avatar\\\/e30bc4ee9ef941b5f7ced6a5f66c284ab03347582074a11a423c71a74454b592?s=96&d=mm&r=g\",\"contentUrl\":\"https:\\\/\\\/secure.gravatar.com\\\/avatar\\\/e30bc4ee9ef941b5f7ced6a5f66c284ab03347582074a11a423c71a74454b592?s=96&d=mm&r=g\",\"caption\":\"Anna\"},\"url\":\"https:\\\/\\\/www.skeppsholmsgruppen.se\\\/es\\\/author\\\/annapanna1978146790\\\/\"}]}<\/script>\n<!-- \/ Yoast SEO plugin. -->","yoast_head_json":{"title":"CONOCE AL EQUIPO: Malin Ljungblom directora de proyectos de ventas para eventos del mercado privado - Skeppsholmsgruppen","robots":{"index":"index","follow":"follow","max-snippet":"max-snippet:-1","max-image-preview":"max-image-preview:large","max-video-preview":"max-video-preview:-1"},"canonical":"https:\/\/www.skeppsholmsgruppen.se\/es\/conoce-al-equipo-malin-ljungblom-directora-de-proyectos-de-ventas-para-eventos-del-mercado-privado\/","og_locale":"es_ES","og_type":"article","og_title":"CONOCE AL EQUIPO: Malin Ljungblom directora de proyectos de ventas para eventos del mercado privado - Skeppsholmsgruppen","og_description":"Malin Ljungblom se une al Grupo Skeppsholm con una s\u00f3lida experiencia en el sector y pasi\u00f3n por las experiencias, la cultura y la m\u00fasica. Nos complace dar la bienvenida a Malin Ljungblom como nueva Directora de Proyectos de Skeppsholmsgruppen. Con una s\u00f3lida formaci\u00f3n en el sector de la hosteler\u00eda y una gran pasi\u00f3n por crear [&hellip;]","og_url":"https:\/\/www.skeppsholmsgruppen.se\/es\/conoce-al-equipo-malin-ljungblom-directora-de-proyectos-de-ventas-para-eventos-del-mercado-privado\/","og_site_name":"Skeppsholmsgruppen","article_published_time":"2025-01-07T11:38:28+00:00","og_image":[{"width":1080,"height":1080,"url":"https:\/\/www.skeppsholmsgruppen.se\/wp-content\/uploads\/2025\/01\/Instagram-Storty-Instagram-inlagg-Fyrkantig.jpg","type":"image\/jpeg"}],"author":"Anna","twitter_card":"summary_large_image","twitter_misc":{"Escrito por":"Anna","Tiempo de lectura":"5 minutos"},"schema":{"@context":"https:\/\/schema.org","@graph":[{"@type":"Article","@id":"https:\/\/www.skeppsholmsgruppen.se\/es\/conoce-al-equipo-malin-ljungblom-directora-de-proyectos-de-ventas-para-eventos-del-mercado-privado\/#article","isPartOf":{"@id":"https:\/\/www.skeppsholmsgruppen.se\/es\/conoce-al-equipo-malin-ljungblom-directora-de-proyectos-de-ventas-para-eventos-del-mercado-privado\/"},"author":{"name":"Anna","@id":"https:\/\/skeppsholmsgruppen.se\/#\/schema\/person\/3c596cb46fb415382e5494d7f6e4c914"},"headline":"CONOCE AL EQUIPO: Malin Ljungblom directora de proyectos de ventas para eventos del mercado privado","datePublished":"2025-01-07T11:38:28+00:00","mainEntityOfPage":{"@id":"https:\/\/www.skeppsholmsgruppen.se\/es\/conoce-al-equipo-malin-ljungblom-directora-de-proyectos-de-ventas-para-eventos-del-mercado-privado\/"},"wordCount":963,"commentCount":0,"publisher":{"@id":"https:\/\/skeppsholmsgruppen.se\/#organization"},"image":{"@id":"https:\/\/www.skeppsholmsgruppen.se\/es\/conoce-al-equipo-malin-ljungblom-directora-de-proyectos-de-ventas-para-eventos-del-mercado-privado\/#primaryimage"},"thumbnailUrl":"https:\/\/www.skeppsholmsgruppen.se\/wp-content\/uploads\/2025\/01\/Instagram-Storty-Instagram-inlagg-Fyrkantig.jpg","articleSection":["Noticia"],"inLanguage":"es","potentialAction":[{"@type":"CommentAction","name":"Comment","target":["https:\/\/www.skeppsholmsgruppen.se\/es\/conoce-al-equipo-malin-ljungblom-directora-de-proyectos-de-ventas-para-eventos-del-mercado-privado\/#respond"]}]},{"@type":"WebPage","@id":"https:\/\/www.skeppsholmsgruppen.se\/es\/conoce-al-equipo-malin-ljungblom-directora-de-proyectos-de-ventas-para-eventos-del-mercado-privado\/","url":"https:\/\/www.skeppsholmsgruppen.se\/es\/conoce-al-equipo-malin-ljungblom-directora-de-proyectos-de-ventas-para-eventos-del-mercado-privado\/","name":"CONOCE AL EQUIPO: Malin Ljungblom directora de proyectos de ventas para eventos del mercado privado - Skeppsholmsgruppen","isPartOf":{"@id":"https:\/\/skeppsholmsgruppen.se\/#website"},"primaryImageOfPage":{"@id":"https:\/\/www.skeppsholmsgruppen.se\/es\/conoce-al-equipo-malin-ljungblom-directora-de-proyectos-de-ventas-para-eventos-del-mercado-privado\/#primaryimage"},"image":{"@id":"https:\/\/www.skeppsholmsgruppen.se\/es\/conoce-al-equipo-malin-ljungblom-directora-de-proyectos-de-ventas-para-eventos-del-mercado-privado\/#primaryimage"},"thumbnailUrl":"https:\/\/www.skeppsholmsgruppen.se\/wp-content\/uploads\/2025\/01\/Instagram-Storty-Instagram-inlagg-Fyrkantig.jpg","datePublished":"2025-01-07T11:38:28+00:00","breadcrumb":{"@id":"https:\/\/www.skeppsholmsgruppen.se\/es\/conoce-al-equipo-malin-ljungblom-directora-de-proyectos-de-ventas-para-eventos-del-mercado-privado\/#breadcrumb"},"inLanguage":"es","potentialAction":[{"@type":"ReadAction","target":["https:\/\/www.skeppsholmsgruppen.se\/es\/conoce-al-equipo-malin-ljungblom-directora-de-proyectos-de-ventas-para-eventos-del-mercado-privado\/"]}]},{"@type":"ImageObject","inLanguage":"es","@id":"https:\/\/www.skeppsholmsgruppen.se\/es\/conoce-al-equipo-malin-ljungblom-directora-de-proyectos-de-ventas-para-eventos-del-mercado-privado\/#primaryimage","url":"https:\/\/www.skeppsholmsgruppen.se\/wp-content\/uploads\/2025\/01\/Instagram-Storty-Instagram-inlagg-Fyrkantig.jpg","contentUrl":"https:\/\/www.skeppsholmsgruppen.se\/wp-content\/uploads\/2025\/01\/Instagram-Storty-Instagram-inlagg-Fyrkantig.jpg","width":1080,"height":1080},{"@type":"BreadcrumbList","@id":"https:\/\/www.skeppsholmsgruppen.se\/es\/conoce-al-equipo-malin-ljungblom-directora-de-proyectos-de-ventas-para-eventos-del-mercado-privado\/#breadcrumb","itemListElement":[{"@type":"ListItem","position":1,"name":"Hem","item":"https:\/\/www.skeppsholmsgruppen.se\/es\/"},{"@type":"ListItem","position":2,"name":"CONOCE AL EQUIPO: Malin Ljungblom directora de proyectos de ventas para eventos del mercado privado"}]},{"@type":"WebSite","@id":"https:\/\/skeppsholmsgruppen.se\/#website","url":"https:\/\/skeppsholmsgruppen.se\/","name":"Skeppsholmsgruppen","description":"En historisk p\u00e4rla f\u00f6r konferens, event och fest bel\u00e4gen mitt i hj\u00e4rtat av Stockhom.","publisher":{"@id":"https:\/\/skeppsholmsgruppen.se\/#organization"},"potentialAction":[{"@type":"SearchAction","target":{"@type":"EntryPoint","urlTemplate":"https:\/\/skeppsholmsgruppen.se\/?s={search_term_string}"},"query-input":{"@type":"PropertyValueSpecification","valueRequired":true,"valueName":"search_term_string"}}],"inLanguage":"es"},{"@type":"Organization","@id":"https:\/\/skeppsholmsgruppen.se\/#organization","name":"Skeppsholmsgruppen","url":"https:\/\/skeppsholmsgruppen.se\/","logo":{"@type":"ImageObject","inLanguage":"es","@id":"https:\/\/skeppsholmsgruppen.se\/#\/schema\/logo\/image\/","url":"https:\/\/www.skeppsholmsgruppen.se\/wp-content\/uploads\/2024\/03\/SHG-icon-white-130.png","contentUrl":"https:\/\/www.skeppsholmsgruppen.se\/wp-content\/uploads\/2024\/03\/SHG-icon-white-130.png","width":130,"height":130,"caption":"Skeppsholmsgruppen"},"image":{"@id":"https:\/\/skeppsholmsgruppen.se\/#\/schema\/logo\/image\/"}},{"@type":"Person","@id":"https:\/\/skeppsholmsgruppen.se\/#\/schema\/person\/3c596cb46fb415382e5494d7f6e4c914","name":"Anna","image":{"@type":"ImageObject","inLanguage":"es","@id":"https:\/\/secure.gravatar.com\/avatar\/e30bc4ee9ef941b5f7ced6a5f66c284ab03347582074a11a423c71a74454b592?s=96&d=mm&r=g","url":"https:\/\/secure.gravatar.com\/avatar\/e30bc4ee9ef941b5f7ced6a5f66c284ab03347582074a11a423c71a74454b592?s=96&d=mm&r=g","contentUrl":"https:\/\/secure.gravatar.com\/avatar\/e30bc4ee9ef941b5f7ced6a5f66c284ab03347582074a11a423c71a74454b592?s=96&d=mm&r=g","caption":"Anna"},"url":"https:\/\/www.skeppsholmsgruppen.se\/es\/author\/annapanna1978146790\/"}]}},"_links":{"self":[{"href":"https:\/\/www.skeppsholmsgruppen.se\/es\/wp-json\/wp\/v2\/posts\/17603","targetHints":{"allow":["GET"]}}],"collection":[{"href":"https:\/\/www.skeppsholmsgruppen.se\/es\/wp-json\/wp\/v2\/posts"}],"about":[{"href":"https:\/\/www.skeppsholmsgruppen.se\/es\/wp-json\/wp\/v2\/types\/post"}],"author":[{"embeddable":true,"href":"https:\/\/www.skeppsholmsgruppen.se\/es\/wp-json\/wp\/v2\/users\/247968714"}],"replies":[{"embeddable":true,"href":"https:\/\/www.skeppsholmsgruppen.se\/es\/wp-json\/wp\/v2\/comments?post=17603"}],"version-history":[{"count":0,"href":"https:\/\/www.skeppsholmsgruppen.se\/es\/wp-json\/wp\/v2\/posts\/17603\/revisions"}],"wp:featuredmedia":[{"embeddable":true,"href":"https:\/\/www.skeppsholmsgruppen.se\/es\/wp-json\/wp\/v2\/media\/16053"}],"wp:attachment":[{"href":"https:\/\/www.skeppsholmsgruppen.se\/es\/wp-json\/wp\/v2\/media?parent=17603"}],"wp:term":[{"taxonomy":"category","embeddable":true,"href":"https:\/\/www.skeppsholmsgruppen.se\/es\/wp-json\/wp\/v2\/categories?post=17603"},{"taxonomy":"post_tag","embeddable":true,"href":"https:\/\/www.skeppsholmsgruppen.se\/es\/wp-json\/wp\/v2\/tags?post=17603"}],"curies":[{"name":"wp","href":"https:\/\/api.w.org\/{rel}","templated":true}]}}