{"id":21905,"date":"2025-06-17T11:23:52","date_gmt":"2025-06-17T09:23:52","guid":{"rendered":"https:\/\/www.skeppsholmsgruppen.se\/skeppsholmsgruppen-presenta-prastgarden-espacio-de-diseno-para-reuniones-y-actos-en-skeppsholmen\/"},"modified":"2025-09-19T11:42:24","modified_gmt":"2025-09-19T09:42:24","slug":"skeppsholmsgruppen-presenta-prastgarden-espacio-de-diseno-para-reuniones-y-actos-en-skeppsholmen","status":"publish","type":"post","link":"https:\/\/www.skeppsholmsgruppen.se\/es\/skeppsholmsgruppen-presenta-prastgarden-espacio-de-diseno-para-reuniones-y-actos-en-skeppsholmen\/","title":{"rendered":"Skeppsholmsgruppen presenta Pr\u00e4stg\u00e5rden: espacio de dise\u00f1o para reuniones y actos en Skeppsholmen"},"content":{"rendered":"\n<p><strong>Estocolmo, 27 de junio de 2025<\/strong><\/p>\n\n<p>Skeppsholmsgruppen sigue creciendo y se enorgullece de presentar su nuevo centro de eventos y reuniones: <strong>Pr\u00e4stg\u00e5rden<\/strong>. El local est\u00e1 situado en la hist\u00f3rica vicar\u00eda que perteneci\u00f3 a la iglesia de Skeppsholm, justo en el coraz\u00f3n cultural de Estocolmo. Combina un ambiente \u00fanico con un dise\u00f1o elegante y una ubicaci\u00f3n inmejorable con vistas a la ensenada de Estocolmo y a Eric Ericsonhallen.    <\/p>\n\n<p><em>&#8211; La vicar\u00eda es un lugar muy especial. La ubicaci\u00f3n, la historia y el dise\u00f1o crean un conjunto inspirador. Estamos especialmente satisfechos de la colaboraci\u00f3n con Svensk Form, que gestiona el edificio: es una asociaci\u00f3n importante y significativa,  <\/em> <strong>dice Elin Dahlkvist Frid, propietaria y fundadora de Skeppsholmsgruppen.<\/strong> <\/p>\n\n<p><strong>Pr\u00e4stg\u00e5rden<\/strong> es perfecta para reuniones de juntas directivas, talleres, desayunos, fiestas de presentaci\u00f3n y cenas privadas. La sala puede alojar a 14 personas en torno a una elegante mesa de conferencias de cuero, pero puede reorganizarse para acoger hasta 40 personas para mezclarse o sentarse en el cine.   <\/p>\n\n<figure class=\"wp-block-image size-large\"><img decoding=\"async\" data-src=\"https:\/\/www.skeppsholmsgruppen.se\/wp-content\/uploads\/2025\/06\/Skarmavbild-2025-06-17-kl.-11.10.46-1024x752.png\" alt=\"\" class=\"wp-image-21843 lazyload\" src=\"data:image\/svg+xml;base64,PHN2ZyB3aWR0aD0iMSIgaGVpZ2h0PSIxIiB4bWxucz0iaHR0cDovL3d3dy53My5vcmcvMjAwMC9zdmciPjwvc3ZnPg==\" style=\"--smush-placeholder-width: 1024px; --smush-placeholder-aspect-ratio: 1024\/752;\" \/><\/figure>\n\n<p><em>  Elin Dahlkvist Frid y Matilda Gr\u00fcnberger<\/em><\/p>\n\n<p>El dise\u00f1o lleva la firma de dos de los dise\u00f1adores suecos m\u00e1s conocidos, \u00c5ke <strong>Axelsson<\/strong> y <strong>Jonas Bohlin<\/strong>, lo que se nota en cada detalle. La est\u00e9tica n\u00f3rdica atemporal se une a la funcionalidad contempor\u00e1nea en un espacio que destila calma y creatividad.   <\/p>\n\n<p><em>&#8211; \u00abPr\u00e4stg\u00e5rden representa todo lo que nos apasiona dentro del Grupo Skeppsholm: el dise\u00f1o, la historia y el encuentro personal. Es incre\u00edblemente agradable abrir este lugar \u00fanico a nuevos contextos y dar nueva vida a una de las casas con m\u00e1s car\u00e1cter de Skeppsholmen,   <\/em><strong>dice Matilda Gr\u00fcnberger, propietaria y fundadora de Skeppsholmsgruppen.  <\/strong><\/p>\n\n<figure class=\"wp-block-image size-full\"><img fetchpriority=\"high\" decoding=\"async\" width=\"793\" height=\"600\" src=\"https:\/\/www.skeppsholmsgruppen.se\/wp-content\/uploads\/2025\/05\/prastgarden-1.webp\" alt=\"\" class=\"wp-image-20880\" srcset=\"https:\/\/www.skeppsholmsgruppen.se\/wp-content\/uploads\/2025\/05\/prastgarden-1.webp 793w, https:\/\/www.skeppsholmsgruppen.se\/wp-content\/uploads\/2025\/05\/prastgarden-1-300x227.webp 300w, https:\/\/www.skeppsholmsgruppen.se\/wp-content\/uploads\/2025\/05\/prastgarden-1-768x581.webp 768w\" sizes=\"(max-width: 793px) 100vw, 793px\" \/><\/figure>\n\n<p>Cerca de ArkDes, el Moderna Museet y la ciudad de Estocolmo, Pr\u00e4stg\u00e5rden es una opci\u00f3n excelente para empresas y organizaciones que buscan un lugar con alma y estilo.  <\/p>\n\n<p><strong>Para ver, reservar o m\u00e1s informaci\u00f3n<\/strong> &#8211; <a href=\"https:\/\/www.skeppsholmsgruppen.se\/es\/espacios-unicos-para-eventos\/la-vicaria\/\"><strong>m\u00e1s informaci\u00f3n aqu\u00ed.<br\/> <\/strong><\/a> <br\/><\/p>\n","protected":false},"excerpt":{"rendered":"<p>Estocolmo, 27 de junio de 2025 Skeppsholmsgruppen sigue creciendo y se enorgullece de presentar su nuevo centro de eventos y reuniones: Pr\u00e4stg\u00e5rden. El local est\u00e1 situado en la hist\u00f3rica vicar\u00eda que perteneci\u00f3 a la iglesia de Skeppsholm, justo en el coraz\u00f3n cultural de Estocolmo. Combina un ambiente \u00fanico con un dise\u00f1o elegante y una ubicaci\u00f3n [&hellip;]<\/p>\n","protected":false},"author":247968714,"featured_media":22473,"comment_status":"open","ping_status":"open","sticky":false,"template":"","format":"standard","meta":{"_acf_changed":false,"footnotes":""},"categories":[1372368],"tags":[],"class_list":["post-21905","post","type-post","status-publish","format-standard","has-post-thumbnail","hentry","category-noticia"],"acf":[],"yoast_head":"<!-- This site is optimized with the Yoast SEO plugin v27.5 - https:\/\/yoast.com\/product\/yoast-seo-wordpress\/ -->\n<title>Skeppsholmsgruppen presenta Pr\u00e4stg\u00e5rden: espacio de dise\u00f1o para reuniones y actos en Skeppsholmen - Skeppsholmsgruppen<\/title>\n<meta name=\"robots\" content=\"index, follow, max-snippet:-1, max-image-preview:large, max-video-preview:-1\" \/>\n<link rel=\"canonical\" href=\"https:\/\/www.skeppsholmsgruppen.se\/es\/skeppsholmsgruppen-presenta-prastgarden-espacio-de-diseno-para-reuniones-y-actos-en-skeppsholmen\/\" \/>\n<meta property=\"og:locale\" content=\"es_ES\" \/>\n<meta property=\"og:type\" content=\"article\" \/>\n<meta property=\"og:title\" content=\"Skeppsholmsgruppen presenta Pr\u00e4stg\u00e5rden: espacio de dise\u00f1o para reuniones y actos en Skeppsholmen - Skeppsholmsgruppen\" \/>\n<meta property=\"og:description\" content=\"Estocolmo, 27 de junio de 2025 Skeppsholmsgruppen sigue creciendo y se enorgullece de presentar su nuevo centro de eventos y reuniones: Pr\u00e4stg\u00e5rden. El local est\u00e1 situado en la hist\u00f3rica vicar\u00eda que perteneci\u00f3 a la iglesia de Skeppsholm, justo en el coraz\u00f3n cultural de Estocolmo. Combina un ambiente \u00fanico con un dise\u00f1o elegante y una ubicaci\u00f3n [&hellip;]\" \/>\n<meta property=\"og:url\" content=\"https:\/\/www.skeppsholmsgruppen.se\/es\/skeppsholmsgruppen-presenta-prastgarden-espacio-de-diseno-para-reuniones-y-actos-en-skeppsholmen\/\" \/>\n<meta property=\"og:site_name\" content=\"Skeppsholmsgruppen\" \/>\n<meta property=\"article:published_time\" content=\"2025-06-17T09:23:52+00:00\" \/>\n<meta property=\"article:modified_time\" content=\"2025-09-19T09:42:24+00:00\" \/>\n<meta property=\"og:image\" content=\"https:\/\/www.skeppsholmsgruppen.se\/wp-content\/uploads\/2025\/06\/Skarmavbild-2025-06-27-kl.-09.29.35.png\" \/>\n\t<meta property=\"og:image:width\" content=\"1248\" \/>\n\t<meta property=\"og:image:height\" content=\"770\" \/>\n\t<meta property=\"og:image:type\" content=\"image\/png\" \/>\n<meta name=\"author\" content=\"Anna\" \/>\n<meta name=\"twitter:card\" content=\"summary_large_image\" \/>\n<meta name=\"twitter:label1\" content=\"Escrito por\" \/>\n\t<meta name=\"twitter:data1\" content=\"Anna\" \/>\n\t<meta name=\"twitter:label2\" content=\"Tiempo de lectura\" \/>\n\t<meta name=\"twitter:data2\" content=\"2 minutos\" \/>\n<script type=\"application\/ld+json\" class=\"yoast-schema-graph\">{\"@context\":\"https:\\\/\\\/schema.org\",\"@graph\":[{\"@type\":\"Article\",\"@id\":\"https:\\\/\\\/www.skeppsholmsgruppen.se\\\/es\\\/skeppsholmsgruppen-presenta-prastgarden-espacio-de-diseno-para-reuniones-y-actos-en-skeppsholmen\\\/#article\",\"isPartOf\":{\"@id\":\"https:\\\/\\\/www.skeppsholmsgruppen.se\\\/es\\\/skeppsholmsgruppen-presenta-prastgarden-espacio-de-diseno-para-reuniones-y-actos-en-skeppsholmen\\\/\"},\"author\":{\"name\":\"Anna\",\"@id\":\"https:\\\/\\\/skeppsholmsgruppen.se\\\/#\\\/schema\\\/person\\\/3c596cb46fb415382e5494d7f6e4c914\"},\"headline\":\"Skeppsholmsgruppen presenta Pr\u00e4stg\u00e5rden: espacio de dise\u00f1o para reuniones y actos en Skeppsholmen\",\"datePublished\":\"2025-06-17T09:23:52+00:00\",\"dateModified\":\"2025-09-19T09:42:24+00:00\",\"mainEntityOfPage\":{\"@id\":\"https:\\\/\\\/www.skeppsholmsgruppen.se\\\/es\\\/skeppsholmsgruppen-presenta-prastgarden-espacio-de-diseno-para-reuniones-y-actos-en-skeppsholmen\\\/\"},\"wordCount\":348,\"commentCount\":0,\"publisher\":{\"@id\":\"https:\\\/\\\/skeppsholmsgruppen.se\\\/#organization\"},\"image\":{\"@id\":\"https:\\\/\\\/www.skeppsholmsgruppen.se\\\/es\\\/skeppsholmsgruppen-presenta-prastgarden-espacio-de-diseno-para-reuniones-y-actos-en-skeppsholmen\\\/#primaryimage\"},\"thumbnailUrl\":\"https:\\\/\\\/www.skeppsholmsgruppen.se\\\/wp-content\\\/uploads\\\/2025\\\/06\\\/Skarmavbild-2025-06-27-kl.-09.29.35.png\",\"articleSection\":[\"Noticia\"],\"inLanguage\":\"es\",\"potentialAction\":[{\"@type\":\"CommentAction\",\"name\":\"Comment\",\"target\":[\"https:\\\/\\\/www.skeppsholmsgruppen.se\\\/es\\\/skeppsholmsgruppen-presenta-prastgarden-espacio-de-diseno-para-reuniones-y-actos-en-skeppsholmen\\\/#respond\"]}]},{\"@type\":\"WebPage\",\"@id\":\"https:\\\/\\\/www.skeppsholmsgruppen.se\\\/es\\\/skeppsholmsgruppen-presenta-prastgarden-espacio-de-diseno-para-reuniones-y-actos-en-skeppsholmen\\\/\",\"url\":\"https:\\\/\\\/www.skeppsholmsgruppen.se\\\/es\\\/skeppsholmsgruppen-presenta-prastgarden-espacio-de-diseno-para-reuniones-y-actos-en-skeppsholmen\\\/\",\"name\":\"Skeppsholmsgruppen presenta Pr\u00e4stg\u00e5rden: espacio de dise\u00f1o para reuniones y actos en Skeppsholmen - Skeppsholmsgruppen\",\"isPartOf\":{\"@id\":\"https:\\\/\\\/skeppsholmsgruppen.se\\\/#website\"},\"primaryImageOfPage\":{\"@id\":\"https:\\\/\\\/www.skeppsholmsgruppen.se\\\/es\\\/skeppsholmsgruppen-presenta-prastgarden-espacio-de-diseno-para-reuniones-y-actos-en-skeppsholmen\\\/#primaryimage\"},\"image\":{\"@id\":\"https:\\\/\\\/www.skeppsholmsgruppen.se\\\/es\\\/skeppsholmsgruppen-presenta-prastgarden-espacio-de-diseno-para-reuniones-y-actos-en-skeppsholmen\\\/#primaryimage\"},\"thumbnailUrl\":\"https:\\\/\\\/www.skeppsholmsgruppen.se\\\/wp-content\\\/uploads\\\/2025\\\/06\\\/Skarmavbild-2025-06-27-kl.-09.29.35.png\",\"datePublished\":\"2025-06-17T09:23:52+00:00\",\"dateModified\":\"2025-09-19T09:42:24+00:00\",\"breadcrumb\":{\"@id\":\"https:\\\/\\\/www.skeppsholmsgruppen.se\\\/es\\\/skeppsholmsgruppen-presenta-prastgarden-espacio-de-diseno-para-reuniones-y-actos-en-skeppsholmen\\\/#breadcrumb\"},\"inLanguage\":\"es\",\"potentialAction\":[{\"@type\":\"ReadAction\",\"target\":[\"https:\\\/\\\/www.skeppsholmsgruppen.se\\\/es\\\/skeppsholmsgruppen-presenta-prastgarden-espacio-de-diseno-para-reuniones-y-actos-en-skeppsholmen\\\/\"]}]},{\"@type\":\"ImageObject\",\"inLanguage\":\"es\",\"@id\":\"https:\\\/\\\/www.skeppsholmsgruppen.se\\\/es\\\/skeppsholmsgruppen-presenta-prastgarden-espacio-de-diseno-para-reuniones-y-actos-en-skeppsholmen\\\/#primaryimage\",\"url\":\"https:\\\/\\\/www.skeppsholmsgruppen.se\\\/wp-content\\\/uploads\\\/2025\\\/06\\\/Skarmavbild-2025-06-27-kl.-09.29.35.png\",\"contentUrl\":\"https:\\\/\\\/www.skeppsholmsgruppen.se\\\/wp-content\\\/uploads\\\/2025\\\/06\\\/Skarmavbild-2025-06-27-kl.-09.29.35.png\",\"width\":1248,\"height\":770},{\"@type\":\"BreadcrumbList\",\"@id\":\"https:\\\/\\\/www.skeppsholmsgruppen.se\\\/es\\\/skeppsholmsgruppen-presenta-prastgarden-espacio-de-diseno-para-reuniones-y-actos-en-skeppsholmen\\\/#breadcrumb\",\"itemListElement\":[{\"@type\":\"ListItem\",\"position\":1,\"name\":\"Hem\",\"item\":\"https:\\\/\\\/www.skeppsholmsgruppen.se\\\/es\\\/\"},{\"@type\":\"ListItem\",\"position\":2,\"name\":\"Skeppsholmsgruppen presenta Pr\u00e4stg\u00e5rden: espacio de dise\u00f1o para reuniones y actos en Skeppsholmen\"}]},{\"@type\":\"WebSite\",\"@id\":\"https:\\\/\\\/skeppsholmsgruppen.se\\\/#website\",\"url\":\"https:\\\/\\\/skeppsholmsgruppen.se\\\/\",\"name\":\"Skeppsholmsgruppen\",\"description\":\"En historisk p\u00e4rla f\u00f6r konferens, event och fest bel\u00e4gen mitt i hj\u00e4rtat av Stockhom.\",\"publisher\":{\"@id\":\"https:\\\/\\\/skeppsholmsgruppen.se\\\/#organization\"},\"potentialAction\":[{\"@type\":\"SearchAction\",\"target\":{\"@type\":\"EntryPoint\",\"urlTemplate\":\"https:\\\/\\\/skeppsholmsgruppen.se\\\/?s={search_term_string}\"},\"query-input\":{\"@type\":\"PropertyValueSpecification\",\"valueRequired\":true,\"valueName\":\"search_term_string\"}}],\"inLanguage\":\"es\"},{\"@type\":\"Organization\",\"@id\":\"https:\\\/\\\/skeppsholmsgruppen.se\\\/#organization\",\"name\":\"Skeppsholmsgruppen\",\"url\":\"https:\\\/\\\/skeppsholmsgruppen.se\\\/\",\"logo\":{\"@type\":\"ImageObject\",\"inLanguage\":\"es\",\"@id\":\"https:\\\/\\\/skeppsholmsgruppen.se\\\/#\\\/schema\\\/logo\\\/image\\\/\",\"url\":\"https:\\\/\\\/www.skeppsholmsgruppen.se\\\/wp-content\\\/uploads\\\/2024\\\/03\\\/SHG-icon-white-130.png\",\"contentUrl\":\"https:\\\/\\\/www.skeppsholmsgruppen.se\\\/wp-content\\\/uploads\\\/2024\\\/03\\\/SHG-icon-white-130.png\",\"width\":130,\"height\":130,\"caption\":\"Skeppsholmsgruppen\"},\"image\":{\"@id\":\"https:\\\/\\\/skeppsholmsgruppen.se\\\/#\\\/schema\\\/logo\\\/image\\\/\"}},{\"@type\":\"Person\",\"@id\":\"https:\\\/\\\/skeppsholmsgruppen.se\\\/#\\\/schema\\\/person\\\/3c596cb46fb415382e5494d7f6e4c914\",\"name\":\"Anna\",\"image\":{\"@type\":\"ImageObject\",\"inLanguage\":\"es\",\"@id\":\"https:\\\/\\\/secure.gravatar.com\\\/avatar\\\/e30bc4ee9ef941b5f7ced6a5f66c284ab03347582074a11a423c71a74454b592?s=96&d=mm&r=g\",\"url\":\"https:\\\/\\\/secure.gravatar.com\\\/avatar\\\/e30bc4ee9ef941b5f7ced6a5f66c284ab03347582074a11a423c71a74454b592?s=96&d=mm&r=g\",\"contentUrl\":\"https:\\\/\\\/secure.gravatar.com\\\/avatar\\\/e30bc4ee9ef941b5f7ced6a5f66c284ab03347582074a11a423c71a74454b592?s=96&d=mm&r=g\",\"caption\":\"Anna\"},\"url\":\"https:\\\/\\\/www.skeppsholmsgruppen.se\\\/es\\\/author\\\/annapanna1978146790\\\/\"}]}<\/script>\n<!-- \/ Yoast SEO plugin. -->","yoast_head_json":{"title":"Skeppsholmsgruppen presenta Pr\u00e4stg\u00e5rden: espacio de dise\u00f1o para reuniones y actos en Skeppsholmen - Skeppsholmsgruppen","robots":{"index":"index","follow":"follow","max-snippet":"max-snippet:-1","max-image-preview":"max-image-preview:large","max-video-preview":"max-video-preview:-1"},"canonical":"https:\/\/www.skeppsholmsgruppen.se\/es\/skeppsholmsgruppen-presenta-prastgarden-espacio-de-diseno-para-reuniones-y-actos-en-skeppsholmen\/","og_locale":"es_ES","og_type":"article","og_title":"Skeppsholmsgruppen presenta Pr\u00e4stg\u00e5rden: espacio de dise\u00f1o para reuniones y actos en Skeppsholmen - Skeppsholmsgruppen","og_description":"Estocolmo, 27 de junio de 2025 Skeppsholmsgruppen sigue creciendo y se enorgullece de presentar su nuevo centro de eventos y reuniones: Pr\u00e4stg\u00e5rden. El local est\u00e1 situado en la hist\u00f3rica vicar\u00eda que perteneci\u00f3 a la iglesia de Skeppsholm, justo en el coraz\u00f3n cultural de Estocolmo. Combina un ambiente \u00fanico con un dise\u00f1o elegante y una ubicaci\u00f3n [&hellip;]","og_url":"https:\/\/www.skeppsholmsgruppen.se\/es\/skeppsholmsgruppen-presenta-prastgarden-espacio-de-diseno-para-reuniones-y-actos-en-skeppsholmen\/","og_site_name":"Skeppsholmsgruppen","article_published_time":"2025-06-17T09:23:52+00:00","article_modified_time":"2025-09-19T09:42:24+00:00","og_image":[{"width":1248,"height":770,"url":"https:\/\/www.skeppsholmsgruppen.se\/wp-content\/uploads\/2025\/06\/Skarmavbild-2025-06-27-kl.-09.29.35.png","type":"image\/png"}],"author":"Anna","twitter_card":"summary_large_image","twitter_misc":{"Escrito por":"Anna","Tiempo de lectura":"2 minutos"},"schema":{"@context":"https:\/\/schema.org","@graph":[{"@type":"Article","@id":"https:\/\/www.skeppsholmsgruppen.se\/es\/skeppsholmsgruppen-presenta-prastgarden-espacio-de-diseno-para-reuniones-y-actos-en-skeppsholmen\/#article","isPartOf":{"@id":"https:\/\/www.skeppsholmsgruppen.se\/es\/skeppsholmsgruppen-presenta-prastgarden-espacio-de-diseno-para-reuniones-y-actos-en-skeppsholmen\/"},"author":{"name":"Anna","@id":"https:\/\/skeppsholmsgruppen.se\/#\/schema\/person\/3c596cb46fb415382e5494d7f6e4c914"},"headline":"Skeppsholmsgruppen presenta Pr\u00e4stg\u00e5rden: espacio de dise\u00f1o para reuniones y actos en Skeppsholmen","datePublished":"2025-06-17T09:23:52+00:00","dateModified":"2025-09-19T09:42:24+00:00","mainEntityOfPage":{"@id":"https:\/\/www.skeppsholmsgruppen.se\/es\/skeppsholmsgruppen-presenta-prastgarden-espacio-de-diseno-para-reuniones-y-actos-en-skeppsholmen\/"},"wordCount":348,"commentCount":0,"publisher":{"@id":"https:\/\/skeppsholmsgruppen.se\/#organization"},"image":{"@id":"https:\/\/www.skeppsholmsgruppen.se\/es\/skeppsholmsgruppen-presenta-prastgarden-espacio-de-diseno-para-reuniones-y-actos-en-skeppsholmen\/#primaryimage"},"thumbnailUrl":"https:\/\/www.skeppsholmsgruppen.se\/wp-content\/uploads\/2025\/06\/Skarmavbild-2025-06-27-kl.-09.29.35.png","articleSection":["Noticia"],"inLanguage":"es","potentialAction":[{"@type":"CommentAction","name":"Comment","target":["https:\/\/www.skeppsholmsgruppen.se\/es\/skeppsholmsgruppen-presenta-prastgarden-espacio-de-diseno-para-reuniones-y-actos-en-skeppsholmen\/#respond"]}]},{"@type":"WebPage","@id":"https:\/\/www.skeppsholmsgruppen.se\/es\/skeppsholmsgruppen-presenta-prastgarden-espacio-de-diseno-para-reuniones-y-actos-en-skeppsholmen\/","url":"https:\/\/www.skeppsholmsgruppen.se\/es\/skeppsholmsgruppen-presenta-prastgarden-espacio-de-diseno-para-reuniones-y-actos-en-skeppsholmen\/","name":"Skeppsholmsgruppen presenta Pr\u00e4stg\u00e5rden: espacio de dise\u00f1o para reuniones y actos en Skeppsholmen - Skeppsholmsgruppen","isPartOf":{"@id":"https:\/\/skeppsholmsgruppen.se\/#website"},"primaryImageOfPage":{"@id":"https:\/\/www.skeppsholmsgruppen.se\/es\/skeppsholmsgruppen-presenta-prastgarden-espacio-de-diseno-para-reuniones-y-actos-en-skeppsholmen\/#primaryimage"},"image":{"@id":"https:\/\/www.skeppsholmsgruppen.se\/es\/skeppsholmsgruppen-presenta-prastgarden-espacio-de-diseno-para-reuniones-y-actos-en-skeppsholmen\/#primaryimage"},"thumbnailUrl":"https:\/\/www.skeppsholmsgruppen.se\/wp-content\/uploads\/2025\/06\/Skarmavbild-2025-06-27-kl.-09.29.35.png","datePublished":"2025-06-17T09:23:52+00:00","dateModified":"2025-09-19T09:42:24+00:00","breadcrumb":{"@id":"https:\/\/www.skeppsholmsgruppen.se\/es\/skeppsholmsgruppen-presenta-prastgarden-espacio-de-diseno-para-reuniones-y-actos-en-skeppsholmen\/#breadcrumb"},"inLanguage":"es","potentialAction":[{"@type":"ReadAction","target":["https:\/\/www.skeppsholmsgruppen.se\/es\/skeppsholmsgruppen-presenta-prastgarden-espacio-de-diseno-para-reuniones-y-actos-en-skeppsholmen\/"]}]},{"@type":"ImageObject","inLanguage":"es","@id":"https:\/\/www.skeppsholmsgruppen.se\/es\/skeppsholmsgruppen-presenta-prastgarden-espacio-de-diseno-para-reuniones-y-actos-en-skeppsholmen\/#primaryimage","url":"https:\/\/www.skeppsholmsgruppen.se\/wp-content\/uploads\/2025\/06\/Skarmavbild-2025-06-27-kl.-09.29.35.png","contentUrl":"https:\/\/www.skeppsholmsgruppen.se\/wp-content\/uploads\/2025\/06\/Skarmavbild-2025-06-27-kl.-09.29.35.png","width":1248,"height":770},{"@type":"BreadcrumbList","@id":"https:\/\/www.skeppsholmsgruppen.se\/es\/skeppsholmsgruppen-presenta-prastgarden-espacio-de-diseno-para-reuniones-y-actos-en-skeppsholmen\/#breadcrumb","itemListElement":[{"@type":"ListItem","position":1,"name":"Hem","item":"https:\/\/www.skeppsholmsgruppen.se\/es\/"},{"@type":"ListItem","position":2,"name":"Skeppsholmsgruppen presenta Pr\u00e4stg\u00e5rden: espacio de dise\u00f1o para reuniones y actos en Skeppsholmen"}]},{"@type":"WebSite","@id":"https:\/\/skeppsholmsgruppen.se\/#website","url":"https:\/\/skeppsholmsgruppen.se\/","name":"Skeppsholmsgruppen","description":"En historisk p\u00e4rla f\u00f6r konferens, event och fest bel\u00e4gen mitt i hj\u00e4rtat av Stockhom.","publisher":{"@id":"https:\/\/skeppsholmsgruppen.se\/#organization"},"potentialAction":[{"@type":"SearchAction","target":{"@type":"EntryPoint","urlTemplate":"https:\/\/skeppsholmsgruppen.se\/?s={search_term_string}"},"query-input":{"@type":"PropertyValueSpecification","valueRequired":true,"valueName":"search_term_string"}}],"inLanguage":"es"},{"@type":"Organization","@id":"https:\/\/skeppsholmsgruppen.se\/#organization","name":"Skeppsholmsgruppen","url":"https:\/\/skeppsholmsgruppen.se\/","logo":{"@type":"ImageObject","inLanguage":"es","@id":"https:\/\/skeppsholmsgruppen.se\/#\/schema\/logo\/image\/","url":"https:\/\/www.skeppsholmsgruppen.se\/wp-content\/uploads\/2024\/03\/SHG-icon-white-130.png","contentUrl":"https:\/\/www.skeppsholmsgruppen.se\/wp-content\/uploads\/2024\/03\/SHG-icon-white-130.png","width":130,"height":130,"caption":"Skeppsholmsgruppen"},"image":{"@id":"https:\/\/skeppsholmsgruppen.se\/#\/schema\/logo\/image\/"}},{"@type":"Person","@id":"https:\/\/skeppsholmsgruppen.se\/#\/schema\/person\/3c596cb46fb415382e5494d7f6e4c914","name":"Anna","image":{"@type":"ImageObject","inLanguage":"es","@id":"https:\/\/secure.gravatar.com\/avatar\/e30bc4ee9ef941b5f7ced6a5f66c284ab03347582074a11a423c71a74454b592?s=96&d=mm&r=g","url":"https:\/\/secure.gravatar.com\/avatar\/e30bc4ee9ef941b5f7ced6a5f66c284ab03347582074a11a423c71a74454b592?s=96&d=mm&r=g","contentUrl":"https:\/\/secure.gravatar.com\/avatar\/e30bc4ee9ef941b5f7ced6a5f66c284ab03347582074a11a423c71a74454b592?s=96&d=mm&r=g","caption":"Anna"},"url":"https:\/\/www.skeppsholmsgruppen.se\/es\/author\/annapanna1978146790\/"}]}},"_links":{"self":[{"href":"https:\/\/www.skeppsholmsgruppen.se\/es\/wp-json\/wp\/v2\/posts\/21905","targetHints":{"allow":["GET"]}}],"collection":[{"href":"https:\/\/www.skeppsholmsgruppen.se\/es\/wp-json\/wp\/v2\/posts"}],"about":[{"href":"https:\/\/www.skeppsholmsgruppen.se\/es\/wp-json\/wp\/v2\/types\/post"}],"author":[{"embeddable":true,"href":"https:\/\/www.skeppsholmsgruppen.se\/es\/wp-json\/wp\/v2\/users\/247968714"}],"replies":[{"embeddable":true,"href":"https:\/\/www.skeppsholmsgruppen.se\/es\/wp-json\/wp\/v2\/comments?post=21905"}],"version-history":[{"count":3,"href":"https:\/\/www.skeppsholmsgruppen.se\/es\/wp-json\/wp\/v2\/posts\/21905\/revisions"}],"predecessor-version":[{"id":23325,"href":"https:\/\/www.skeppsholmsgruppen.se\/es\/wp-json\/wp\/v2\/posts\/21905\/revisions\/23325"}],"wp:featuredmedia":[{"embeddable":true,"href":"https:\/\/www.skeppsholmsgruppen.se\/es\/wp-json\/wp\/v2\/media\/22473"}],"wp:attachment":[{"href":"https:\/\/www.skeppsholmsgruppen.se\/es\/wp-json\/wp\/v2\/media?parent=21905"}],"wp:term":[{"taxonomy":"category","embeddable":true,"href":"https:\/\/www.skeppsholmsgruppen.se\/es\/wp-json\/wp\/v2\/categories?post=21905"},{"taxonomy":"post_tag","embeddable":true,"href":"https:\/\/www.skeppsholmsgruppen.se\/es\/wp-json\/wp\/v2\/tags?post=21905"}],"curies":[{"name":"wp","href":"https:\/\/api.w.org\/{rel}","templated":true}]}}