{"id":17596,"date":"2024-02-06T16:42:44","date_gmt":"2024-02-06T15:42:44","guid":{"rendered":"https:\/\/www.skeppsholmsgruppen.se\/erikoistarjous-jarjesta-kevaan-ja-kesan-paras-yritysjuhla\/"},"modified":"2025-09-19T11:43:11","modified_gmt":"2025-09-19T09:43:11","slug":"erikoistarjous-jarjesta-kevaan-ja-kesan-paras-yritysjuhla","status":"publish","type":"post","link":"https:\/\/www.skeppsholmsgruppen.se\/fi\/erikoistarjous-jarjesta-kevaan-ja-kesan-paras-yritysjuhla\/","title":{"rendered":"J\u00e4rjest\u00e4 kes\u00e4n paras bisnestapahtuma"},"content":{"rendered":"<\/p>\n<p class=\"p1\" style=\"text-align: left;\"><strong>Tee seuraavasta yritysjuhlasta ikimuistoinen kokemus tarjouksemme avulla! Kutsu kollegat, asiakkaat tai yhteisty\u00f6kumppanit illanviettoon, joka on t\u00e4ynn\u00e4 upeaa tunnelmaa, loistavaa ruokaa ja herkullisia juomia ja joka sijaitsee t\u00e4ydellisess\u00e4 paikassa kauniilla Skeppsholmenilla. <\/strong><\/p>\n<h3><img fetchpriority=\"high\" decoding=\"async\" class=\"alignnone wp-image-15591\" src=\"https:\/\/www.skeppsholmsgruppen.se\/wp-content\/uploads\/2024\/11\/Mindepartementet-300x176.jpg\" alt=\"\" width=\"400\" height=\"234\" srcset=\"https:\/\/www.skeppsholmsgruppen.se\/wp-content\/uploads\/2024\/11\/Mindepartementet-300x176.jpg 300w, https:\/\/www.skeppsholmsgruppen.se\/wp-content\/uploads\/2024\/11\/Mindepartementet-768x449.jpg 768w, https:\/\/www.skeppsholmsgruppen.se\/wp-content\/uploads\/2024\/11\/Mindepartementet.jpg 940w\" sizes=\"(max-width: 400px) 100vw, 400px\" \/><\/h3>\n<h3>Mingle kaivostoiminnan ministeri\u00f6ss\u00e4<\/h3>\n<p class=\"p1\" style=\"text-align: left;\"><strong>Maanantai &#8211; perjantai<\/strong> 18.00 &#8211; 22.00<br \/>30 &#8211; 100 henke\u00e4<br \/>Tyylik\u00e4s buffet ja juomapaketti (1 lasi kuohuvaa, 2 lasia viini\u00e4, alkoholittomia vaihtoehtoja saatavilla). <\/p>\n<h5 class=\"p1\" style=\"text-align: left;\">950 SEK per kirjekuori (ilman alv:t\u00e4)<\/h5>\n<p class=\"p1\" style=\"text-align: left;\"><strong>Huoneen vuokraus:<\/strong> 8 500 SEK<br \/><b>Kaikki sis\u00e4ltyy hintaan<\/b> &#8211; henkil\u00f6kunta, astiat, huoneen j\u00e4rjest\u00e4minen ja siivous.<\/p>\n<p><a href=\"https:\/\/www.skeppsholmsgruppen.se\/fi\/ainutlaatuiset-tapahtumatilat\/kaivosministerio\/\">Lue lis\u00e4\u00e4 kaivosministeri\u00f6st\u00e4<\/a><\/p>\n<\/p>\n<h3 style=\"text-align: left;\"><img decoding=\"async\" class=\"alignnone wp-image-15660 lazyload\" data-src=\"https:\/\/www.skeppsholmsgruppen.se\/wp-content\/uploads\/2024\/11\/Segelsalen-300x176.jpg\" alt=\"\" width=\"400\" height=\"234\" data-srcset=\"https:\/\/www.skeppsholmsgruppen.se\/wp-content\/uploads\/2024\/11\/Segelsalen-300x176.jpg 300w, https:\/\/www.skeppsholmsgruppen.se\/wp-content\/uploads\/2024\/11\/Segelsalen-768x449.jpg 768w, https:\/\/www.skeppsholmsgruppen.se\/wp-content\/uploads\/2024\/11\/Segelsalen.jpg 940w\" data-sizes=\"(max-width: 400px) 100vw, 400px\" src=\"data:image\/svg+xml;base64,PHN2ZyB3aWR0aD0iMSIgaGVpZ2h0PSIxIiB4bWxucz0iaHR0cDovL3d3dy53My5vcmcvMjAwMC9zdmciPjwvc3ZnPg==\" style=\"--smush-placeholder-width: 400px; --smush-placeholder-aspect-ratio: 400\/234;\" \/><\/h3>\n<h3 style=\"text-align: left;\">Mingle kauniissa Segel-salissa<\/h3>\n<p class=\"p1\" style=\"text-align: left;\"><strong>Perjantaisin klo<\/strong> 18.00 &#8211; 22.00<br \/>50 &#8211; 180 henke\u00e4Legantti buffet ja juomapaketti (1 lasi kuohuvaa, 2 lasia viini\u00e4, alkoholittomia vaihtoehtoja saatavilla)<br \/>950 SEK per kirjekuori (ilman alv). <\/p>\n<h5 class=\"p1\" style=\"text-align: left;\"><strong>Tilavuokra:<\/strong> 19 500 SEK<\/h5>\n<p class=\"p1\" style=\"text-align: left;\"><b>Kaikki sis\u00e4ltyy hintaan<\/b> &#8211; henkil\u00f6kunta, astiat, tilojen j\u00e4rjest\u00e4minen ja siivous.<br \/><b>Ainutlaatuiset ymp\u00e4rist\u00f6t ja ensiluokkainen<\/b> palvelu &#8211; t\u00e4ydellinen tapa vahvistaa suhteita ja luoda uusia liiketoimintamahdollisuuksia.<\/p>\n<p><a href=\"https:\/\/www.skeppsholmsgruppen.se\/fi\/ainutlaatuiset-tapahtumatilat\/purjehdushallit\/\">Lue lis\u00e4\u00e4 Sail Hallista<\/a><\/p>\n<\/p>\n<p class=\"p1\" style=\"text-align: left;\"><b><a href=\"https:\/\/www.skeppsholmsgruppen.se\/fi\/tietoa-meista\/tarjouspyynto\/\">Varaa nyt<\/a> ja varmista kev\u00e4\u00e4n ja kes\u00e4n paras yritysmingle!<\/b><\/p>\n\n<div class=\"wp-block-buttons is-layout-flex wp-block-buttons-is-layout-flex\">\n<div class=\"wp-block-button\"><a class=\"wp-block-button__link has-white-color has-text-color has-background has-link-color wp-element-button\" style=\"background-color:#e1bbc8\">Tee varauspyynt\u00f6<\/a><\/div>\n<\/div>\n\n<div style=\"height:100px\" aria-hidden=\"true\" class=\"wp-block-spacer\"><\/div>\n\n<p><\/p>\n","protected":false},"excerpt":{"rendered":"<p>Tee seuraavasta yritysjuhlasta ikimuistoinen kokemus tarjouksemme avulla! Kutsu kollegat, asiakkaat tai yhteisty\u00f6kumppanit illanviettoon, joka on t\u00e4ynn\u00e4 upeaa tunnelmaa, loistavaa ruokaa ja herkullisia juomia ja joka sijaitsee t\u00e4ydellisess\u00e4 paikassa kauniilla Skeppsholmenilla. Mingle kaivostoiminnan ministeri\u00f6ss\u00e4 Maanantai &#8211; perjantai 18.00 &#8211; 22.0030 &#8211; 100 henke\u00e4Tyylik\u00e4s buffet ja juomapaketti (1 lasi kuohuvaa, 2 lasia viini\u00e4, alkoholittomia vaihtoehtoja saatavilla). 950 [&hellip;]<\/p>\n","protected":false},"author":247968714,"featured_media":17599,"comment_status":"closed","ping_status":"closed","sticky":false,"template":"","format":"standard","meta":{"_acf_changed":false,"footnotes":""},"categories":[1372780],"tags":[],"class_list":["post-17596","post","type-post","status-publish","format-standard","has-post-thumbnail","hentry","category-tarjous"],"acf":[],"yoast_head":"<!-- This site is optimized with the Yoast SEO plugin v27.5 - https:\/\/yoast.com\/product\/yoast-seo-wordpress\/ -->\n<title>J\u00e4rjest\u00e4 kes\u00e4n paras bisnestapahtuma - Skeppsholmsgruppen<\/title>\n<meta name=\"robots\" content=\"index, follow, max-snippet:-1, max-image-preview:large, max-video-preview:-1\" \/>\n<link rel=\"canonical\" href=\"https:\/\/www.skeppsholmsgruppen.se\/fi\/erikoistarjous-jarjesta-kevaan-ja-kesan-paras-yritysjuhla\/\" \/>\n<meta property=\"og:locale\" content=\"fi_FI\" \/>\n<meta property=\"og:type\" content=\"article\" \/>\n<meta property=\"og:title\" content=\"J\u00e4rjest\u00e4 kes\u00e4n paras bisnestapahtuma - Skeppsholmsgruppen\" \/>\n<meta property=\"og:description\" content=\"Tee seuraavasta yritysjuhlasta ikimuistoinen kokemus tarjouksemme avulla! Kutsu kollegat, asiakkaat tai yhteisty\u00f6kumppanit illanviettoon, joka on t\u00e4ynn\u00e4 upeaa tunnelmaa, loistavaa ruokaa ja herkullisia juomia ja joka sijaitsee t\u00e4ydellisess\u00e4 paikassa kauniilla Skeppsholmenilla. Mingle kaivostoiminnan ministeri\u00f6ss\u00e4 Maanantai &#8211; perjantai 18.00 &#8211; 22.0030 &#8211; 100 henke\u00e4Tyylik\u00e4s buffet ja juomapaketti (1 lasi kuohuvaa, 2 lasia viini\u00e4, alkoholittomia vaihtoehtoja saatavilla). 950 [&hellip;]\" \/>\n<meta property=\"og:url\" content=\"https:\/\/www.skeppsholmsgruppen.se\/fi\/erikoistarjous-jarjesta-kevaan-ja-kesan-paras-yritysjuhla\/\" \/>\n<meta property=\"og:site_name\" content=\"Skeppsholmsgruppen\" \/>\n<meta property=\"article:published_time\" content=\"2024-02-06T15:42:44+00:00\" \/>\n<meta property=\"article:modified_time\" content=\"2025-09-19T09:43:11+00:00\" \/>\n<meta property=\"og:image\" content=\"https:\/\/www.skeppsholmsgruppen.se\/wp-content\/uploads\/2024\/11\/Skeppsholmen-ovan-e1732888056433.jpg\" \/>\n\t<meta property=\"og:image:width\" content=\"1920\" \/>\n\t<meta property=\"og:image:height\" content=\"1230\" \/>\n\t<meta property=\"og:image:type\" content=\"image\/jpeg\" \/>\n<meta name=\"author\" content=\"Anna\" \/>\n<meta name=\"twitter:card\" content=\"summary_large_image\" \/>\n<meta name=\"twitter:label1\" content=\"Kirjoittanut\" \/>\n\t<meta name=\"twitter:data1\" content=\"Anna\" \/>\n\t<meta name=\"twitter:label2\" content=\"Arvioitu lukuaika\" \/>\n\t<meta name=\"twitter:data2\" content=\"1 minuutti\" \/>\n<script type=\"application\/ld+json\" class=\"yoast-schema-graph\">{\"@context\":\"https:\\\/\\\/schema.org\",\"@graph\":[{\"@type\":\"Article\",\"@id\":\"https:\\\/\\\/www.skeppsholmsgruppen.se\\\/fi\\\/erikoistarjous-jarjesta-kevaan-ja-kesan-paras-yritysjuhla\\\/#article\",\"isPartOf\":{\"@id\":\"https:\\\/\\\/www.skeppsholmsgruppen.se\\\/fi\\\/erikoistarjous-jarjesta-kevaan-ja-kesan-paras-yritysjuhla\\\/\"},\"author\":{\"name\":\"Anna\",\"@id\":\"https:\\\/\\\/skeppsholmsgruppen.se\\\/#\\\/schema\\\/person\\\/3c596cb46fb415382e5494d7f6e4c914\"},\"headline\":\"J\u00e4rjest\u00e4 kes\u00e4n paras bisnestapahtuma\",\"datePublished\":\"2024-02-06T15:42:44+00:00\",\"dateModified\":\"2025-09-19T09:43:11+00:00\",\"mainEntityOfPage\":{\"@id\":\"https:\\\/\\\/www.skeppsholmsgruppen.se\\\/fi\\\/erikoistarjous-jarjesta-kevaan-ja-kesan-paras-yritysjuhla\\\/\"},\"wordCount\":162,\"image\":{\"@id\":\"https:\\\/\\\/www.skeppsholmsgruppen.se\\\/fi\\\/erikoistarjous-jarjesta-kevaan-ja-kesan-paras-yritysjuhla\\\/#primaryimage\"},\"thumbnailUrl\":\"https:\\\/\\\/www.skeppsholmsgruppen.se\\\/wp-content\\\/uploads\\\/2024\\\/11\\\/Skeppsholmen-ovan-e1732888056433.jpg\",\"articleSection\":[\"Tarjous\"],\"inLanguage\":\"fi\"},{\"@type\":\"WebPage\",\"@id\":\"https:\\\/\\\/www.skeppsholmsgruppen.se\\\/fi\\\/erikoistarjous-jarjesta-kevaan-ja-kesan-paras-yritysjuhla\\\/\",\"url\":\"https:\\\/\\\/www.skeppsholmsgruppen.se\\\/fi\\\/erikoistarjous-jarjesta-kevaan-ja-kesan-paras-yritysjuhla\\\/\",\"name\":\"J\u00e4rjest\u00e4 kes\u00e4n paras bisnestapahtuma - Skeppsholmsgruppen\",\"isPartOf\":{\"@id\":\"https:\\\/\\\/skeppsholmsgruppen.se\\\/#website\"},\"primaryImageOfPage\":{\"@id\":\"https:\\\/\\\/www.skeppsholmsgruppen.se\\\/fi\\\/erikoistarjous-jarjesta-kevaan-ja-kesan-paras-yritysjuhla\\\/#primaryimage\"},\"image\":{\"@id\":\"https:\\\/\\\/www.skeppsholmsgruppen.se\\\/fi\\\/erikoistarjous-jarjesta-kevaan-ja-kesan-paras-yritysjuhla\\\/#primaryimage\"},\"thumbnailUrl\":\"https:\\\/\\\/www.skeppsholmsgruppen.se\\\/wp-content\\\/uploads\\\/2024\\\/11\\\/Skeppsholmen-ovan-e1732888056433.jpg\",\"datePublished\":\"2024-02-06T15:42:44+00:00\",\"dateModified\":\"2025-09-19T09:43:11+00:00\",\"author\":{\"@id\":\"https:\\\/\\\/skeppsholmsgruppen.se\\\/#\\\/schema\\\/person\\\/3c596cb46fb415382e5494d7f6e4c914\"},\"breadcrumb\":{\"@id\":\"https:\\\/\\\/www.skeppsholmsgruppen.se\\\/fi\\\/erikoistarjous-jarjesta-kevaan-ja-kesan-paras-yritysjuhla\\\/#breadcrumb\"},\"inLanguage\":\"fi\",\"potentialAction\":[{\"@type\":\"ReadAction\",\"target\":[\"https:\\\/\\\/www.skeppsholmsgruppen.se\\\/fi\\\/erikoistarjous-jarjesta-kevaan-ja-kesan-paras-yritysjuhla\\\/\"]}]},{\"@type\":\"ImageObject\",\"inLanguage\":\"fi\",\"@id\":\"https:\\\/\\\/www.skeppsholmsgruppen.se\\\/fi\\\/erikoistarjous-jarjesta-kevaan-ja-kesan-paras-yritysjuhla\\\/#primaryimage\",\"url\":\"https:\\\/\\\/www.skeppsholmsgruppen.se\\\/wp-content\\\/uploads\\\/2024\\\/11\\\/Skeppsholmen-ovan-e1732888056433.jpg\",\"contentUrl\":\"https:\\\/\\\/www.skeppsholmsgruppen.se\\\/wp-content\\\/uploads\\\/2024\\\/11\\\/Skeppsholmen-ovan-e1732888056433.jpg\",\"width\":1920,\"height\":1230},{\"@type\":\"BreadcrumbList\",\"@id\":\"https:\\\/\\\/www.skeppsholmsgruppen.se\\\/fi\\\/erikoistarjous-jarjesta-kevaan-ja-kesan-paras-yritysjuhla\\\/#breadcrumb\",\"itemListElement\":[{\"@type\":\"ListItem\",\"position\":1,\"name\":\"Hem\",\"item\":\"https:\\\/\\\/www.skeppsholmsgruppen.se\\\/fi\\\/\"},{\"@type\":\"ListItem\",\"position\":2,\"name\":\"J\u00e4rjest\u00e4 kes\u00e4n paras bisnestapahtuma\"}]},{\"@type\":\"WebSite\",\"@id\":\"https:\\\/\\\/skeppsholmsgruppen.se\\\/#website\",\"url\":\"https:\\\/\\\/skeppsholmsgruppen.se\\\/\",\"name\":\"Skeppsholmsgruppen\",\"description\":\"En historisk p\u00e4rla f\u00f6r konferens, event och fest bel\u00e4gen mitt i hj\u00e4rtat av Stockhom.\",\"potentialAction\":[{\"@type\":\"SearchAction\",\"target\":{\"@type\":\"EntryPoint\",\"urlTemplate\":\"https:\\\/\\\/skeppsholmsgruppen.se\\\/?s={search_term_string}\"},\"query-input\":{\"@type\":\"PropertyValueSpecification\",\"valueRequired\":true,\"valueName\":\"search_term_string\"}}],\"inLanguage\":\"fi\"},{\"@type\":\"Person\",\"@id\":\"https:\\\/\\\/skeppsholmsgruppen.se\\\/#\\\/schema\\\/person\\\/3c596cb46fb415382e5494d7f6e4c914\",\"name\":\"Anna\",\"image\":{\"@type\":\"ImageObject\",\"inLanguage\":\"fi\",\"@id\":\"https:\\\/\\\/secure.gravatar.com\\\/avatar\\\/e30bc4ee9ef941b5f7ced6a5f66c284ab03347582074a11a423c71a74454b592?s=96&d=mm&r=g\",\"url\":\"https:\\\/\\\/secure.gravatar.com\\\/avatar\\\/e30bc4ee9ef941b5f7ced6a5f66c284ab03347582074a11a423c71a74454b592?s=96&d=mm&r=g\",\"contentUrl\":\"https:\\\/\\\/secure.gravatar.com\\\/avatar\\\/e30bc4ee9ef941b5f7ced6a5f66c284ab03347582074a11a423c71a74454b592?s=96&d=mm&r=g\",\"caption\":\"Anna\"},\"url\":\"https:\\\/\\\/www.skeppsholmsgruppen.se\\\/fi\\\/author\\\/annapanna1978146790\\\/\"}]}<\/script>\n<!-- \/ Yoast SEO plugin. -->","yoast_head_json":{"title":"J\u00e4rjest\u00e4 kes\u00e4n paras bisnestapahtuma - Skeppsholmsgruppen","robots":{"index":"index","follow":"follow","max-snippet":"max-snippet:-1","max-image-preview":"max-image-preview:large","max-video-preview":"max-video-preview:-1"},"canonical":"https:\/\/www.skeppsholmsgruppen.se\/fi\/erikoistarjous-jarjesta-kevaan-ja-kesan-paras-yritysjuhla\/","og_locale":"fi_FI","og_type":"article","og_title":"J\u00e4rjest\u00e4 kes\u00e4n paras bisnestapahtuma - Skeppsholmsgruppen","og_description":"Tee seuraavasta yritysjuhlasta ikimuistoinen kokemus tarjouksemme avulla! Kutsu kollegat, asiakkaat tai yhteisty\u00f6kumppanit illanviettoon, joka on t\u00e4ynn\u00e4 upeaa tunnelmaa, loistavaa ruokaa ja herkullisia juomia ja joka sijaitsee t\u00e4ydellisess\u00e4 paikassa kauniilla Skeppsholmenilla. Mingle kaivostoiminnan ministeri\u00f6ss\u00e4 Maanantai &#8211; perjantai 18.00 &#8211; 22.0030 &#8211; 100 henke\u00e4Tyylik\u00e4s buffet ja juomapaketti (1 lasi kuohuvaa, 2 lasia viini\u00e4, alkoholittomia vaihtoehtoja saatavilla). 950 [&hellip;]","og_url":"https:\/\/www.skeppsholmsgruppen.se\/fi\/erikoistarjous-jarjesta-kevaan-ja-kesan-paras-yritysjuhla\/","og_site_name":"Skeppsholmsgruppen","article_published_time":"2024-02-06T15:42:44+00:00","article_modified_time":"2025-09-19T09:43:11+00:00","og_image":[{"width":1920,"height":1230,"url":"https:\/\/www.skeppsholmsgruppen.se\/wp-content\/uploads\/2024\/11\/Skeppsholmen-ovan-e1732888056433.jpg","type":"image\/jpeg"}],"author":"Anna","twitter_card":"summary_large_image","twitter_misc":{"Kirjoittanut":"Anna","Arvioitu lukuaika":"1 minuutti"},"schema":{"@context":"https:\/\/schema.org","@graph":[{"@type":"Article","@id":"https:\/\/www.skeppsholmsgruppen.se\/fi\/erikoistarjous-jarjesta-kevaan-ja-kesan-paras-yritysjuhla\/#article","isPartOf":{"@id":"https:\/\/www.skeppsholmsgruppen.se\/fi\/erikoistarjous-jarjesta-kevaan-ja-kesan-paras-yritysjuhla\/"},"author":{"name":"Anna","@id":"https:\/\/skeppsholmsgruppen.se\/#\/schema\/person\/3c596cb46fb415382e5494d7f6e4c914"},"headline":"J\u00e4rjest\u00e4 kes\u00e4n paras bisnestapahtuma","datePublished":"2024-02-06T15:42:44+00:00","dateModified":"2025-09-19T09:43:11+00:00","mainEntityOfPage":{"@id":"https:\/\/www.skeppsholmsgruppen.se\/fi\/erikoistarjous-jarjesta-kevaan-ja-kesan-paras-yritysjuhla\/"},"wordCount":162,"image":{"@id":"https:\/\/www.skeppsholmsgruppen.se\/fi\/erikoistarjous-jarjesta-kevaan-ja-kesan-paras-yritysjuhla\/#primaryimage"},"thumbnailUrl":"https:\/\/www.skeppsholmsgruppen.se\/wp-content\/uploads\/2024\/11\/Skeppsholmen-ovan-e1732888056433.jpg","articleSection":["Tarjous"],"inLanguage":"fi"},{"@type":"WebPage","@id":"https:\/\/www.skeppsholmsgruppen.se\/fi\/erikoistarjous-jarjesta-kevaan-ja-kesan-paras-yritysjuhla\/","url":"https:\/\/www.skeppsholmsgruppen.se\/fi\/erikoistarjous-jarjesta-kevaan-ja-kesan-paras-yritysjuhla\/","name":"J\u00e4rjest\u00e4 kes\u00e4n paras bisnestapahtuma - Skeppsholmsgruppen","isPartOf":{"@id":"https:\/\/skeppsholmsgruppen.se\/#website"},"primaryImageOfPage":{"@id":"https:\/\/www.skeppsholmsgruppen.se\/fi\/erikoistarjous-jarjesta-kevaan-ja-kesan-paras-yritysjuhla\/#primaryimage"},"image":{"@id":"https:\/\/www.skeppsholmsgruppen.se\/fi\/erikoistarjous-jarjesta-kevaan-ja-kesan-paras-yritysjuhla\/#primaryimage"},"thumbnailUrl":"https:\/\/www.skeppsholmsgruppen.se\/wp-content\/uploads\/2024\/11\/Skeppsholmen-ovan-e1732888056433.jpg","datePublished":"2024-02-06T15:42:44+00:00","dateModified":"2025-09-19T09:43:11+00:00","author":{"@id":"https:\/\/skeppsholmsgruppen.se\/#\/schema\/person\/3c596cb46fb415382e5494d7f6e4c914"},"breadcrumb":{"@id":"https:\/\/www.skeppsholmsgruppen.se\/fi\/erikoistarjous-jarjesta-kevaan-ja-kesan-paras-yritysjuhla\/#breadcrumb"},"inLanguage":"fi","potentialAction":[{"@type":"ReadAction","target":["https:\/\/www.skeppsholmsgruppen.se\/fi\/erikoistarjous-jarjesta-kevaan-ja-kesan-paras-yritysjuhla\/"]}]},{"@type":"ImageObject","inLanguage":"fi","@id":"https:\/\/www.skeppsholmsgruppen.se\/fi\/erikoistarjous-jarjesta-kevaan-ja-kesan-paras-yritysjuhla\/#primaryimage","url":"https:\/\/www.skeppsholmsgruppen.se\/wp-content\/uploads\/2024\/11\/Skeppsholmen-ovan-e1732888056433.jpg","contentUrl":"https:\/\/www.skeppsholmsgruppen.se\/wp-content\/uploads\/2024\/11\/Skeppsholmen-ovan-e1732888056433.jpg","width":1920,"height":1230},{"@type":"BreadcrumbList","@id":"https:\/\/www.skeppsholmsgruppen.se\/fi\/erikoistarjous-jarjesta-kevaan-ja-kesan-paras-yritysjuhla\/#breadcrumb","itemListElement":[{"@type":"ListItem","position":1,"name":"Hem","item":"https:\/\/www.skeppsholmsgruppen.se\/fi\/"},{"@type":"ListItem","position":2,"name":"J\u00e4rjest\u00e4 kes\u00e4n paras bisnestapahtuma"}]},{"@type":"WebSite","@id":"https:\/\/skeppsholmsgruppen.se\/#website","url":"https:\/\/skeppsholmsgruppen.se\/","name":"Skeppsholmsgruppen","description":"En historisk p\u00e4rla f\u00f6r konferens, event och fest bel\u00e4gen mitt i hj\u00e4rtat av Stockhom.","potentialAction":[{"@type":"SearchAction","target":{"@type":"EntryPoint","urlTemplate":"https:\/\/skeppsholmsgruppen.se\/?s={search_term_string}"},"query-input":{"@type":"PropertyValueSpecification","valueRequired":true,"valueName":"search_term_string"}}],"inLanguage":"fi"},{"@type":"Person","@id":"https:\/\/skeppsholmsgruppen.se\/#\/schema\/person\/3c596cb46fb415382e5494d7f6e4c914","name":"Anna","image":{"@type":"ImageObject","inLanguage":"fi","@id":"https:\/\/secure.gravatar.com\/avatar\/e30bc4ee9ef941b5f7ced6a5f66c284ab03347582074a11a423c71a74454b592?s=96&d=mm&r=g","url":"https:\/\/secure.gravatar.com\/avatar\/e30bc4ee9ef941b5f7ced6a5f66c284ab03347582074a11a423c71a74454b592?s=96&d=mm&r=g","contentUrl":"https:\/\/secure.gravatar.com\/avatar\/e30bc4ee9ef941b5f7ced6a5f66c284ab03347582074a11a423c71a74454b592?s=96&d=mm&r=g","caption":"Anna"},"url":"https:\/\/www.skeppsholmsgruppen.se\/fi\/author\/annapanna1978146790\/"}]}},"_links":{"self":[{"href":"https:\/\/www.skeppsholmsgruppen.se\/fi\/wp-json\/wp\/v2\/posts\/17596","targetHints":{"allow":["GET"]}}],"collection":[{"href":"https:\/\/www.skeppsholmsgruppen.se\/fi\/wp-json\/wp\/v2\/posts"}],"about":[{"href":"https:\/\/www.skeppsholmsgruppen.se\/fi\/wp-json\/wp\/v2\/types\/post"}],"author":[{"embeddable":true,"href":"https:\/\/www.skeppsholmsgruppen.se\/fi\/wp-json\/wp\/v2\/users\/247968714"}],"replies":[{"embeddable":true,"href":"https:\/\/www.skeppsholmsgruppen.se\/fi\/wp-json\/wp\/v2\/comments?post=17596"}],"version-history":[{"count":9,"href":"https:\/\/www.skeppsholmsgruppen.se\/fi\/wp-json\/wp\/v2\/posts\/17596\/revisions"}],"predecessor-version":[{"id":23375,"href":"https:\/\/www.skeppsholmsgruppen.se\/fi\/wp-json\/wp\/v2\/posts\/17596\/revisions\/23375"}],"wp:featuredmedia":[{"embeddable":true,"href":"https:\/\/www.skeppsholmsgruppen.se\/fi\/wp-json\/wp\/v2\/media\/17599"}],"wp:attachment":[{"href":"https:\/\/www.skeppsholmsgruppen.se\/fi\/wp-json\/wp\/v2\/media?parent=17596"}],"wp:term":[{"taxonomy":"category","embeddable":true,"href":"https:\/\/www.skeppsholmsgruppen.se\/fi\/wp-json\/wp\/v2\/categories?post=17596"},{"taxonomy":"post_tag","embeddable":true,"href":"https:\/\/www.skeppsholmsgruppen.se\/fi\/wp-json\/wp\/v2\/tags?post=17596"}],"curies":[{"name":"wp","href":"https:\/\/api.w.org\/{rel}","templated":true}]}}