{"id":17600,"date":"2025-01-07T12:38:28","date_gmt":"2025-01-07T11:38:28","guid":{"rendered":"https:\/\/www.skeppsholmsgruppen.se\/meet-the-team-malin-ljungblom-myyntiprojektipaallikko-tapahtumat-yksityiset-markkinat\/"},"modified":"2025-01-07T12:38:28","modified_gmt":"2025-01-07T11:38:28","slug":"meet-the-team-malin-ljungblom-myyntiprojektipaallikko-tapahtumat-yksityiset-markkinat","status":"publish","type":"post","link":"https:\/\/www.skeppsholmsgruppen.se\/fi\/meet-the-team-malin-ljungblom-myyntiprojektipaallikko-tapahtumat-yksityiset-markkinat\/","title":{"rendered":"MEET THE TEAM: Malin Ljungblom myyntiprojektip\u00e4\u00e4llikk\u00f6 tapahtumat yksityiset markkinat"},"content":{"rendered":"<h2><strong>Malin Ljungblom liittyy Skeppsholm Groupiin vankalla kokemuksella alalta ja intohimolla el\u00e4myksi\u00e4, kulttuuria ja musiikkia kohtaan!<\/strong><\/h2>\n<p>Meill\u00e4 on ilo toivottaa Malin Ljungblom tervetulleeksi Skeppsholmsgruppenin uudeksi projektip\u00e4\u00e4llik\u00f6ksi. H\u00e4nell\u00e4 on vankka tausta hotelli- ja ravintola-alalta ja intohimo ikimuistoisten el\u00e4mysten luomiseen, joten odotamme innolla h\u00e4nen panostaan tiimiimme. <\/p>\n<p><b><span data-contrast=\"auto\">Voitko kertoa meille hieman itsest\u00e4si ja taustastasi?<\/span><\/b><span data-ccp-props=\"{\"134233117\":false,\"134233118\":false,\"335559738\":240,\"335559739\":240}\"> <\/span><\/p>\n<p><span data-contrast=\"auto\">Kasvoin Eker\u00f6ss\u00e4, jossa yhdistyv\u00e4t erilaiset maailmat &#8211; kuninkaanlinnoista ja lehmien laitumista graffitimaalattuihin latoihin ja luksushuviloihin. T\u00e4m\u00e4 moninaisuus kuvastaa my\u00f6s minua ihmisen\u00e4; olen palavasti kiinnostunut hevosista ja nautin maalaisel\u00e4m\u00e4st\u00e4, kun taas rakastan kaupungin sykett\u00e4 ja sit\u00e4, ett\u00e4 olen siell\u00e4, miss\u00e4 tapahtuu. El\u00e4mykset ja muistojen luominen ovat jotain, josta olen todella intohimoinen, ja se on my\u00f6s syy siihen, miksi ty\u00f6skentelen sill\u00e4 alalla, jota nyky\u00e4\u00e4n teen.  <\/span><span data-ccp-props=\"{\"134233117\":false,\"134233118\":false,\"335559738\":240,\"335559739\":240}\"> <\/span><\/p>\n<p><b><span data-contrast=\"auto\">Mik\u00e4 sai sinut liittym\u00e4\u00e4n Skeppsholm Groupiin?<\/span><\/b><span data-ccp-props=\"{\"134233117\":false,\"134233118\":false,\"335559738\":240,\"335559739\":240}\"> <\/span><\/p>\n<p><span data-contrast=\"auto\">Mahdollisuus ty\u00f6skennell\u00e4 n\u00e4in monenlaisten tilojen kanssa Skeppsholmenin kaltaisessa maagisessa paikassa oli eritt\u00e4in houkutteleva. Ty\u00f6skentely omistajien Elinin ja Matildan kanssa, joilla on vahva halu ja kunnianhimo kasvaa ja tarjota maailmanluokan el\u00e4myksi\u00e4, todella inspiroi minua. Intohimo el\u00e4myksi\u00e4, kulttuuria ja musiikkia kohtaan todella l\u00e4p\u00e4isee koko yrityksen, ja on upeaa ty\u00f6skennell\u00e4 sellaisten ihmisten kanssa, jotka jakavat kiinnostuksen.  <\/span><span data-ccp-props=\"{\"134233117\":false,\"134233118\":false,\"335559738\":240,\"335559739\":240}\"> <\/span><\/p>\n<p><b><span data-contrast=\"auto\">Mit\u00e4 teit ennen kuin aloitit t\u00e4\u00e4ll\u00e4, ja miten uskot, ett\u00e4 aiempi kokemuksesi voi auttaa sinua uudessa teht\u00e4v\u00e4ss\u00e4si?<\/span><\/b><span data-ccp-props=\"{\"134233117\":false,\"134233118\":false,\"335559738\":240,\"335559739\":240}\"> <\/span><\/p>\n<p><span data-contrast=\"auto\">Olen ty\u00f6skennellyt koko ty\u00f6el\u00e4m\u00e4ni ajan ravintola-alalla. Se alkoi siit\u00e4, kun py\u00f6ritin is\u00e4ni kanssa pient\u00e4 kahvilaa Kungsholmenilla. Sen j\u00e4lkeen minulla on ollut erilaisia vastuullisia teht\u00e4vi\u00e4 kaupungin eri pubeissa sek\u00e4 jonkin aikaa Norjassa ja Espanjassa. Viime vuosina olen ty\u00f6skennellyt tapahtumien projektip\u00e4\u00e4llikk\u00f6n\u00e4 Fotografiskassa.   <\/span><span data-ccp-props=\"{\"134233117\":false,\"134233118\":false,\"335559738\":240,\"335559739\":240}\"> <\/span><\/p>\n<p><span data-contrast=\"auto\">Rakastan kehitty\u00e4 ja oppia uusia asioita, joten olen osallistunut erilaisiin koulutusohjelmiin ja valmistunut IHM Business Schoolista vieraanvaraisuuden ja tapahtumien konseptikehitt\u00e4j\u00e4ksi. Olen my\u00f6s opiskellut vieraanvaraisuuden tulonhallintaa, innovatiivista musiikkijohtamista ja digitaalisten tapahtumien konseptikehityst\u00e4. Koulutukseni edist\u00e4\u00e4 liiketoimintaosaamistani ja kyky\u00e4ni luoda oikea tarjous oikealle henkil\u00f6lle. Kokemukseni catering-alalta antaa minulle n\u00e4kemyksi\u00e4 siit\u00e4, mit\u00e4 tarvitaan parhaan mahdollisen palvelun ja kokemuksen takaamiseksi tapahtumissa.   <\/span><span data-ccp-props=\"{\"134233117\":false,\"134233118\":false,\"335559738\":240,\"335559739\":240}\"> <\/span><\/p>\n<p><b><span data-contrast=\"auto\">Mik\u00e4 on roolisi Skeppsholmsgruppenissa ja mit\u00e4 se tarkoittaa k\u00e4yt\u00e4nn\u00f6ss\u00e4?<\/span><\/b><span data-ccp-props=\"{\"134233117\":false,\"134233118\":false,\"335559738\":240,\"335559739\":240}\"> <\/span><\/p>\n<p><span data-contrast=\"auto\">Teht\u00e4v\u00e4ni on yksityisille markkinoille suunnattujen tapahtumien myyntiprojektip\u00e4\u00e4llikk\u00f6. T\u00e4m\u00e4 tarkoittaa, ett\u00e4 myyn ja k\u00e4sittelen upeiden tilojemme varaamista koskevia tiedusteluja sek\u00e4 projektinhallintaa ja vastaan niist\u00e4 suunnitteluvaiheessa ja toteutuksessa. Teht\u00e4viini kuuluu my\u00f6s tuotteemme ja tarjoustemme jatkuva kehitt\u00e4minen sek\u00e4 mahdollisimman \u00e4lykk\u00e4iden ja houkuttelevien ratkaisujen luominen asiakkaillemme.  <\/span><span data-ccp-props=\"{\"134233117\":false,\"134233118\":false,\"335559738\":240,\"335559739\":240}\"> <\/span><\/p>\n<p><b><span data-contrast=\"auto\">Mink\u00e4 parissa odotat eniten ty\u00f6skentely\u00e4 t\u00e4\u00e4ll\u00e4?<\/span><\/b><span data-ccp-props=\"{\"134233117\":false,\"134233118\":false,\"335559738\":240,\"335559739\":240}\"> <\/span><\/p>\n<p><span data-contrast=\"auto\">Odotan innolla, ett\u00e4 p\u00e4\u00e4sen mukaan Skeppsholm Groupin j\u00e4nnitt\u00e4v\u00e4\u00e4n kasvuvaiheeseen.<\/span><span data-ccp-props=\"{\"134233117\":false,\"134233118\":false,\"335559738\":240,\"335559739\":240}\"> <\/span><\/p>\n<p><b><span data-contrast=\"auto\">Miten toivot voivasi vaikuttaa Skeppsholm-konserniin ja sen tulevaan kehitykseen?<\/span><\/b><span data-ccp-props=\"{\"134233117\":false,\"134233118\":false,\"335559738\":240,\"335559739\":240}\"> <\/span><\/p>\n<p><span data-contrast=\"auto\">Toivon, ett\u00e4 tarmokkuuteni ja asiantuntemukseni tapahtumien sek\u00e4 liiketoiminnan ja konseptien kehitt\u00e4misen alalla vaikuttavat my\u00f6nteisesti Skeppsholms Groupin tulevaan kehitykseen.<\/span><span data-ccp-props=\"{\"134233117\":false,\"134233118\":false,\"335559738\":240,\"335559739\":240}\"> <\/span><\/p>\n<p><b><span data-contrast=\"auto\">Millainen on ollut ensimm\u00e4inen kerta Skeppsholmsgruppenissa?<\/span><\/b><span data-ccp-props=\"{\"134233117\":false,\"134233118\":false,\"335559738\":240,\"335559739\":240}\"> <\/span><\/p>\n<p><span data-contrast=\"auto\">Olen tuntenut olevani hyvin tervetullut ja minusta on pidetty huolta.<\/span><span data-ccp-props=\"{\"134233117\":false,\"134233118\":false,\"335559738\":240,\"335559739\":240}\"> <\/span><\/p>\n<p><b><span data-contrast=\"auto\">Mik\u00e4 on ensivaikutelmasi tiimist\u00e4 ja ty\u00f6paikan kulttuurista?<\/span><\/b><span data-ccp-props=\"{\"134233117\":false,\"134233118\":false,\"335559738\":240,\"335559739\":240}\"> <\/span><\/p>\n<p><span data-contrast=\"auto\">Mitk\u00e4 tapahtumat\u00e4hdet! Mik\u00e4 ajo! Olen joka p\u00e4iv\u00e4 vaikuttunut t\u00e4m\u00e4n tiimin korkeasta tasosta. Minusta tuntuu, ett\u00e4 katto on korkealla ja ett\u00e4 me kaikki &#8211; omistajat, myyj\u00e4t, projektip\u00e4\u00e4llik\u00f6t ja yhteisty\u00f6kumppanit &#8211; ty\u00f6skentelemme yhdess\u00e4 saman p\u00e4\u00e4m\u00e4\u00e4r\u00e4n eteen.   <\/span><span data-ccp-props=\"{\"134233117\":false,\"134233118\":false,\"335559738\":240,\"335559739\":240}\"> <\/span><\/p>\n<p><b><span data-contrast=\"auto\">Onko jokin asia, joka on yll\u00e4tt\u00e4nyt sinut aloitettuasi?<\/span><\/b><span data-ccp-props=\"{\"134233117\":false,\"134233118\":false,\"335559738\":240,\"335559739\":240}\"> <\/span><\/p>\n<p><span data-contrast=\"auto\">Skeppsholmen. Mik\u00e4 upea pieni saari! <\/span><span data-ccp-props=\"{\"134233117\":false,\"134233118\":false,\"335559738\":240,\"335559739\":240}\"> <\/span><\/p>\n<p><b><span data-contrast=\"auto\">Mit\u00e4 teet mieluiten vapaa-ajallasi, kun et ole t\u00f6iss\u00e4?<\/span><\/b><span data-ccp-props=\"{\"134233117\":false,\"134233118\":false,\"335559738\":240,\"335559739\":240}\"> <\/span><\/p>\n<p><span data-contrast=\"auto\">Se vaihtelee melko paljon. Joskus haluan joogata ja viett\u00e4\u00e4 illan kotona Netflix-maratonin parissa. Toisinaan taas haluan viett\u00e4\u00e4 iltaa kaupungilla, seurustella yst\u00e4vien kanssa, kokeilla eri ravintoloita, k\u00e4yd\u00e4 konserteissa ja tapahtumissa. Joinain p\u00e4ivin\u00e4 olen tallissa pakkaamassa hein\u00e4kasseja, joinain p\u00e4ivin\u00e4 matkustan viikonlopuksi johonkin j\u00e4nnitt\u00e4v\u00e4\u00e4n kaupunkiin.   <\/span><span data-ccp-props=\"{\"134233117\":false,\"134233118\":false,\"335559738\":240,\"335559739\":240}\"> <\/span><\/p>\n<p><b><span data-contrast=\"auto\">Onko sinulla suosikkipaikkaa Skeppsholmenilla (tai l\u00e4hist\u00f6ll\u00e4), jota haluaisit suositella?<\/span><\/b><span data-ccp-props=\"{\"134233117\":false,\"134233118\":false,\"335559738\":240,\"335559739\":240}\"> <\/span><\/p>\n<p><span data-contrast=\"auto\">K\u00e4velymatka, jonka teen joka aamu Kungstr\u00e4dg\u00e5rdenin metroasemalta Skeppsholmenille, on aivan maaginen. Kuljet laiturissa keikkuvien laivojen ohi, katselet auringonnousua veden yll\u00e4, ja taustalla n\u00e4kyy linna ja vanhakaupunki. Aika ly\u00f6m\u00e4t\u00f6nt\u00e4.  <\/span><\/p>\n<p><b><span data-contrast=\"none\">Jos voisit valita yhden unelma-aktiviteetin tai -tapahtuman, jonka voisit j\u00e4rjest\u00e4\u00e4 Skeppsholmenilla, mik\u00e4 se olisi?<\/span><\/b><\/p>\n<p><span data-contrast=\"none\">En sanoisi ei musiikkifestivaalin j\u00e4rjest\u00e4miselle, jossa jokainen paikka tarjoaa erilaista el\u00e4v\u00e4\u00e4 musiikkia ja jossa osallistujat voivat vain pist\u00e4yty\u00e4 ja l\u00f6yt\u00e4\u00e4 genrej\u00e4, joita he eiv\u00e4t ehk\u00e4 ole koskaan ennen kuulleet, mutta joita he saattavat alkaa rakastaa. Se tarjoaa my\u00f6s mahdollisuuden l\u00f6yt\u00e4\u00e4 uusia b\u00e4ndej\u00e4 ja luoda uusia yhteyksi\u00e4.   <\/span><span data-ccp-props=\"{\"134233117\":false,\"134233118\":false,\"335551550\":1,\"335551620\":1,\"335557856\":16777215,\"335559738\":0,\"335559739\":160}\"> <\/span><\/p>\n<p><span data-contrast=\"none\">Haluaisin my\u00f6s luoda tapahtumia ja toimintoja, joilla torjutaan tahatonta yksin\u00e4isyytt\u00e4.<\/span><span data-ccp-props=\"{\"134233117\":false,\"134233118\":false,\"335551550\":1,\"335551620\":1,\"335557856\":16777215,\"335559738\":0,\"335559739\":160}\"> <\/span><\/p>\n","protected":false},"excerpt":{"rendered":"<p>Malin Ljungblom liittyy Skeppsholm Groupiin vankalla kokemuksella alalta ja intohimolla el\u00e4myksi\u00e4, kulttuuria ja musiikkia kohtaan! Meill\u00e4 on ilo toivottaa Malin Ljungblom tervetulleeksi Skeppsholmsgruppenin uudeksi projektip\u00e4\u00e4llik\u00f6ksi. H\u00e4nell\u00e4 on vankka tausta hotelli- ja ravintola-alalta ja intohimo ikimuistoisten el\u00e4mysten luomiseen, joten odotamme innolla h\u00e4nen panostaan tiimiimme. Voitko kertoa meille hieman itsest\u00e4si ja taustastasi? Kasvoin Eker\u00f6ss\u00e4, jossa yhdistyv\u00e4t erilaiset [&hellip;]<\/p>\n","protected":false},"author":247968714,"featured_media":17602,"comment_status":"open","ping_status":"open","sticky":false,"template":"","format":"standard","meta":{"_acf_changed":false,"footnotes":""},"categories":[1372787],"tags":[],"class_list":["post-17600","post","type-post","status-publish","format-standard","has-post-thumbnail","hentry","category-uutinen"],"acf":[],"yoast_head":"<!-- This site is optimized with the Yoast SEO plugin v27.5 - https:\/\/yoast.com\/product\/yoast-seo-wordpress\/ -->\n<title>MEET THE TEAM: Malin Ljungblom myyntiprojektip\u00e4\u00e4llikk\u00f6 tapahtumat yksityiset markkinat - Skeppsholmsgruppen<\/title>\n<meta name=\"robots\" content=\"index, follow, max-snippet:-1, max-image-preview:large, max-video-preview:-1\" \/>\n<link rel=\"canonical\" href=\"https:\/\/www.skeppsholmsgruppen.se\/fi\/meet-the-team-malin-ljungblom-myyntiprojektipaallikko-tapahtumat-yksityiset-markkinat\/\" \/>\n<meta property=\"og:locale\" content=\"fi_FI\" \/>\n<meta property=\"og:type\" content=\"article\" \/>\n<meta property=\"og:title\" content=\"MEET THE TEAM: Malin Ljungblom myyntiprojektip\u00e4\u00e4llikk\u00f6 tapahtumat yksityiset markkinat - Skeppsholmsgruppen\" \/>\n<meta property=\"og:description\" content=\"Malin Ljungblom liittyy Skeppsholm Groupiin vankalla kokemuksella alalta ja intohimolla el\u00e4myksi\u00e4, kulttuuria ja musiikkia kohtaan! Meill\u00e4 on ilo toivottaa Malin Ljungblom tervetulleeksi Skeppsholmsgruppenin uudeksi projektip\u00e4\u00e4llik\u00f6ksi. H\u00e4nell\u00e4 on vankka tausta hotelli- ja ravintola-alalta ja intohimo ikimuistoisten el\u00e4mysten luomiseen, joten odotamme innolla h\u00e4nen panostaan tiimiimme. Voitko kertoa meille hieman itsest\u00e4si ja taustastasi? Kasvoin Eker\u00f6ss\u00e4, jossa yhdistyv\u00e4t erilaiset [&hellip;]\" \/>\n<meta property=\"og:url\" content=\"https:\/\/www.skeppsholmsgruppen.se\/fi\/meet-the-team-malin-ljungblom-myyntiprojektipaallikko-tapahtumat-yksityiset-markkinat\/\" \/>\n<meta property=\"og:site_name\" content=\"Skeppsholmsgruppen\" \/>\n<meta property=\"article:published_time\" content=\"2025-01-07T11:38:28+00:00\" \/>\n<meta property=\"og:image\" content=\"https:\/\/www.skeppsholmsgruppen.se\/wp-content\/uploads\/2025\/01\/Instagram-Storty-Instagram-inlagg-Fyrkantig.jpg\" \/>\n\t<meta property=\"og:image:width\" content=\"1080\" \/>\n\t<meta property=\"og:image:height\" content=\"1080\" \/>\n\t<meta property=\"og:image:type\" content=\"image\/jpeg\" \/>\n<meta name=\"author\" content=\"Anna\" \/>\n<meta name=\"twitter:card\" content=\"summary_large_image\" \/>\n<meta name=\"twitter:label1\" content=\"Kirjoittanut\" \/>\n\t<meta name=\"twitter:data1\" content=\"Anna\" \/>\n\t<meta name=\"twitter:label2\" content=\"Arvioitu lukuaika\" \/>\n\t<meta name=\"twitter:data2\" content=\"4 minuuttia\" \/>\n<script type=\"application\/ld+json\" class=\"yoast-schema-graph\">{\"@context\":\"https:\\\/\\\/schema.org\",\"@graph\":[{\"@type\":\"Article\",\"@id\":\"https:\\\/\\\/www.skeppsholmsgruppen.se\\\/fi\\\/meet-the-team-malin-ljungblom-myyntiprojektipaallikko-tapahtumat-yksityiset-markkinat\\\/#article\",\"isPartOf\":{\"@id\":\"https:\\\/\\\/www.skeppsholmsgruppen.se\\\/fi\\\/meet-the-team-malin-ljungblom-myyntiprojektipaallikko-tapahtumat-yksityiset-markkinat\\\/\"},\"author\":{\"name\":\"Anna\",\"@id\":\"https:\\\/\\\/skeppsholmsgruppen.se\\\/#\\\/schema\\\/person\\\/3c596cb46fb415382e5494d7f6e4c914\"},\"headline\":\"MEET THE TEAM: Malin Ljungblom myyntiprojektip\u00e4\u00e4llikk\u00f6 tapahtumat yksityiset markkinat\",\"datePublished\":\"2025-01-07T11:38:28+00:00\",\"mainEntityOfPage\":{\"@id\":\"https:\\\/\\\/www.skeppsholmsgruppen.se\\\/fi\\\/meet-the-team-malin-ljungblom-myyntiprojektipaallikko-tapahtumat-yksityiset-markkinat\\\/\"},\"wordCount\":729,\"commentCount\":0,\"image\":{\"@id\":\"https:\\\/\\\/www.skeppsholmsgruppen.se\\\/fi\\\/meet-the-team-malin-ljungblom-myyntiprojektipaallikko-tapahtumat-yksityiset-markkinat\\\/#primaryimage\"},\"thumbnailUrl\":\"https:\\\/\\\/www.skeppsholmsgruppen.se\\\/wp-content\\\/uploads\\\/2025\\\/01\\\/Instagram-Storty-Instagram-inlagg-Fyrkantig.jpg\",\"articleSection\":[\"Uutinen\"],\"inLanguage\":\"fi\",\"potentialAction\":[{\"@type\":\"CommentAction\",\"name\":\"Comment\",\"target\":[\"https:\\\/\\\/www.skeppsholmsgruppen.se\\\/fi\\\/meet-the-team-malin-ljungblom-myyntiprojektipaallikko-tapahtumat-yksityiset-markkinat\\\/#respond\"]}]},{\"@type\":\"WebPage\",\"@id\":\"https:\\\/\\\/www.skeppsholmsgruppen.se\\\/fi\\\/meet-the-team-malin-ljungblom-myyntiprojektipaallikko-tapahtumat-yksityiset-markkinat\\\/\",\"url\":\"https:\\\/\\\/www.skeppsholmsgruppen.se\\\/fi\\\/meet-the-team-malin-ljungblom-myyntiprojektipaallikko-tapahtumat-yksityiset-markkinat\\\/\",\"name\":\"MEET THE TEAM: Malin Ljungblom myyntiprojektip\u00e4\u00e4llikk\u00f6 tapahtumat yksityiset markkinat - Skeppsholmsgruppen\",\"isPartOf\":{\"@id\":\"https:\\\/\\\/skeppsholmsgruppen.se\\\/#website\"},\"primaryImageOfPage\":{\"@id\":\"https:\\\/\\\/www.skeppsholmsgruppen.se\\\/fi\\\/meet-the-team-malin-ljungblom-myyntiprojektipaallikko-tapahtumat-yksityiset-markkinat\\\/#primaryimage\"},\"image\":{\"@id\":\"https:\\\/\\\/www.skeppsholmsgruppen.se\\\/fi\\\/meet-the-team-malin-ljungblom-myyntiprojektipaallikko-tapahtumat-yksityiset-markkinat\\\/#primaryimage\"},\"thumbnailUrl\":\"https:\\\/\\\/www.skeppsholmsgruppen.se\\\/wp-content\\\/uploads\\\/2025\\\/01\\\/Instagram-Storty-Instagram-inlagg-Fyrkantig.jpg\",\"datePublished\":\"2025-01-07T11:38:28+00:00\",\"author\":{\"@id\":\"https:\\\/\\\/skeppsholmsgruppen.se\\\/#\\\/schema\\\/person\\\/3c596cb46fb415382e5494d7f6e4c914\"},\"breadcrumb\":{\"@id\":\"https:\\\/\\\/www.skeppsholmsgruppen.se\\\/fi\\\/meet-the-team-malin-ljungblom-myyntiprojektipaallikko-tapahtumat-yksityiset-markkinat\\\/#breadcrumb\"},\"inLanguage\":\"fi\",\"potentialAction\":[{\"@type\":\"ReadAction\",\"target\":[\"https:\\\/\\\/www.skeppsholmsgruppen.se\\\/fi\\\/meet-the-team-malin-ljungblom-myyntiprojektipaallikko-tapahtumat-yksityiset-markkinat\\\/\"]}]},{\"@type\":\"ImageObject\",\"inLanguage\":\"fi\",\"@id\":\"https:\\\/\\\/www.skeppsholmsgruppen.se\\\/fi\\\/meet-the-team-malin-ljungblom-myyntiprojektipaallikko-tapahtumat-yksityiset-markkinat\\\/#primaryimage\",\"url\":\"https:\\\/\\\/www.skeppsholmsgruppen.se\\\/wp-content\\\/uploads\\\/2025\\\/01\\\/Instagram-Storty-Instagram-inlagg-Fyrkantig.jpg\",\"contentUrl\":\"https:\\\/\\\/www.skeppsholmsgruppen.se\\\/wp-content\\\/uploads\\\/2025\\\/01\\\/Instagram-Storty-Instagram-inlagg-Fyrkantig.jpg\",\"width\":1080,\"height\":1080},{\"@type\":\"BreadcrumbList\",\"@id\":\"https:\\\/\\\/www.skeppsholmsgruppen.se\\\/fi\\\/meet-the-team-malin-ljungblom-myyntiprojektipaallikko-tapahtumat-yksityiset-markkinat\\\/#breadcrumb\",\"itemListElement\":[{\"@type\":\"ListItem\",\"position\":1,\"name\":\"Hem\",\"item\":\"https:\\\/\\\/www.skeppsholmsgruppen.se\\\/fi\\\/\"},{\"@type\":\"ListItem\",\"position\":2,\"name\":\"MEET THE TEAM: Malin Ljungblom myyntiprojektip\u00e4\u00e4llikk\u00f6 tapahtumat yksityiset markkinat\"}]},{\"@type\":\"WebSite\",\"@id\":\"https:\\\/\\\/skeppsholmsgruppen.se\\\/#website\",\"url\":\"https:\\\/\\\/skeppsholmsgruppen.se\\\/\",\"name\":\"Skeppsholmsgruppen\",\"description\":\"En historisk p\u00e4rla f\u00f6r konferens, event och fest bel\u00e4gen mitt i hj\u00e4rtat av Stockhom.\",\"potentialAction\":[{\"@type\":\"SearchAction\",\"target\":{\"@type\":\"EntryPoint\",\"urlTemplate\":\"https:\\\/\\\/skeppsholmsgruppen.se\\\/?s={search_term_string}\"},\"query-input\":{\"@type\":\"PropertyValueSpecification\",\"valueRequired\":true,\"valueName\":\"search_term_string\"}}],\"inLanguage\":\"fi\"},{\"@type\":\"Person\",\"@id\":\"https:\\\/\\\/skeppsholmsgruppen.se\\\/#\\\/schema\\\/person\\\/3c596cb46fb415382e5494d7f6e4c914\",\"name\":\"Anna\",\"image\":{\"@type\":\"ImageObject\",\"inLanguage\":\"fi\",\"@id\":\"https:\\\/\\\/secure.gravatar.com\\\/avatar\\\/e30bc4ee9ef941b5f7ced6a5f66c284ab03347582074a11a423c71a74454b592?s=96&d=mm&r=g\",\"url\":\"https:\\\/\\\/secure.gravatar.com\\\/avatar\\\/e30bc4ee9ef941b5f7ced6a5f66c284ab03347582074a11a423c71a74454b592?s=96&d=mm&r=g\",\"contentUrl\":\"https:\\\/\\\/secure.gravatar.com\\\/avatar\\\/e30bc4ee9ef941b5f7ced6a5f66c284ab03347582074a11a423c71a74454b592?s=96&d=mm&r=g\",\"caption\":\"Anna\"},\"url\":\"https:\\\/\\\/www.skeppsholmsgruppen.se\\\/fi\\\/author\\\/annapanna1978146790\\\/\"}]}<\/script>\n<!-- \/ Yoast SEO plugin. -->","yoast_head_json":{"title":"MEET THE TEAM: Malin Ljungblom myyntiprojektip\u00e4\u00e4llikk\u00f6 tapahtumat yksityiset markkinat - Skeppsholmsgruppen","robots":{"index":"index","follow":"follow","max-snippet":"max-snippet:-1","max-image-preview":"max-image-preview:large","max-video-preview":"max-video-preview:-1"},"canonical":"https:\/\/www.skeppsholmsgruppen.se\/fi\/meet-the-team-malin-ljungblom-myyntiprojektipaallikko-tapahtumat-yksityiset-markkinat\/","og_locale":"fi_FI","og_type":"article","og_title":"MEET THE TEAM: Malin Ljungblom myyntiprojektip\u00e4\u00e4llikk\u00f6 tapahtumat yksityiset markkinat - Skeppsholmsgruppen","og_description":"Malin Ljungblom liittyy Skeppsholm Groupiin vankalla kokemuksella alalta ja intohimolla el\u00e4myksi\u00e4, kulttuuria ja musiikkia kohtaan! Meill\u00e4 on ilo toivottaa Malin Ljungblom tervetulleeksi Skeppsholmsgruppenin uudeksi projektip\u00e4\u00e4llik\u00f6ksi. H\u00e4nell\u00e4 on vankka tausta hotelli- ja ravintola-alalta ja intohimo ikimuistoisten el\u00e4mysten luomiseen, joten odotamme innolla h\u00e4nen panostaan tiimiimme. Voitko kertoa meille hieman itsest\u00e4si ja taustastasi? Kasvoin Eker\u00f6ss\u00e4, jossa yhdistyv\u00e4t erilaiset [&hellip;]","og_url":"https:\/\/www.skeppsholmsgruppen.se\/fi\/meet-the-team-malin-ljungblom-myyntiprojektipaallikko-tapahtumat-yksityiset-markkinat\/","og_site_name":"Skeppsholmsgruppen","article_published_time":"2025-01-07T11:38:28+00:00","og_image":[{"width":1080,"height":1080,"url":"https:\/\/www.skeppsholmsgruppen.se\/wp-content\/uploads\/2025\/01\/Instagram-Storty-Instagram-inlagg-Fyrkantig.jpg","type":"image\/jpeg"}],"author":"Anna","twitter_card":"summary_large_image","twitter_misc":{"Kirjoittanut":"Anna","Arvioitu lukuaika":"4 minuuttia"},"schema":{"@context":"https:\/\/schema.org","@graph":[{"@type":"Article","@id":"https:\/\/www.skeppsholmsgruppen.se\/fi\/meet-the-team-malin-ljungblom-myyntiprojektipaallikko-tapahtumat-yksityiset-markkinat\/#article","isPartOf":{"@id":"https:\/\/www.skeppsholmsgruppen.se\/fi\/meet-the-team-malin-ljungblom-myyntiprojektipaallikko-tapahtumat-yksityiset-markkinat\/"},"author":{"name":"Anna","@id":"https:\/\/skeppsholmsgruppen.se\/#\/schema\/person\/3c596cb46fb415382e5494d7f6e4c914"},"headline":"MEET THE TEAM: Malin Ljungblom myyntiprojektip\u00e4\u00e4llikk\u00f6 tapahtumat yksityiset markkinat","datePublished":"2025-01-07T11:38:28+00:00","mainEntityOfPage":{"@id":"https:\/\/www.skeppsholmsgruppen.se\/fi\/meet-the-team-malin-ljungblom-myyntiprojektipaallikko-tapahtumat-yksityiset-markkinat\/"},"wordCount":729,"commentCount":0,"image":{"@id":"https:\/\/www.skeppsholmsgruppen.se\/fi\/meet-the-team-malin-ljungblom-myyntiprojektipaallikko-tapahtumat-yksityiset-markkinat\/#primaryimage"},"thumbnailUrl":"https:\/\/www.skeppsholmsgruppen.se\/wp-content\/uploads\/2025\/01\/Instagram-Storty-Instagram-inlagg-Fyrkantig.jpg","articleSection":["Uutinen"],"inLanguage":"fi","potentialAction":[{"@type":"CommentAction","name":"Comment","target":["https:\/\/www.skeppsholmsgruppen.se\/fi\/meet-the-team-malin-ljungblom-myyntiprojektipaallikko-tapahtumat-yksityiset-markkinat\/#respond"]}]},{"@type":"WebPage","@id":"https:\/\/www.skeppsholmsgruppen.se\/fi\/meet-the-team-malin-ljungblom-myyntiprojektipaallikko-tapahtumat-yksityiset-markkinat\/","url":"https:\/\/www.skeppsholmsgruppen.se\/fi\/meet-the-team-malin-ljungblom-myyntiprojektipaallikko-tapahtumat-yksityiset-markkinat\/","name":"MEET THE TEAM: Malin Ljungblom myyntiprojektip\u00e4\u00e4llikk\u00f6 tapahtumat yksityiset markkinat - Skeppsholmsgruppen","isPartOf":{"@id":"https:\/\/skeppsholmsgruppen.se\/#website"},"primaryImageOfPage":{"@id":"https:\/\/www.skeppsholmsgruppen.se\/fi\/meet-the-team-malin-ljungblom-myyntiprojektipaallikko-tapahtumat-yksityiset-markkinat\/#primaryimage"},"image":{"@id":"https:\/\/www.skeppsholmsgruppen.se\/fi\/meet-the-team-malin-ljungblom-myyntiprojektipaallikko-tapahtumat-yksityiset-markkinat\/#primaryimage"},"thumbnailUrl":"https:\/\/www.skeppsholmsgruppen.se\/wp-content\/uploads\/2025\/01\/Instagram-Storty-Instagram-inlagg-Fyrkantig.jpg","datePublished":"2025-01-07T11:38:28+00:00","author":{"@id":"https:\/\/skeppsholmsgruppen.se\/#\/schema\/person\/3c596cb46fb415382e5494d7f6e4c914"},"breadcrumb":{"@id":"https:\/\/www.skeppsholmsgruppen.se\/fi\/meet-the-team-malin-ljungblom-myyntiprojektipaallikko-tapahtumat-yksityiset-markkinat\/#breadcrumb"},"inLanguage":"fi","potentialAction":[{"@type":"ReadAction","target":["https:\/\/www.skeppsholmsgruppen.se\/fi\/meet-the-team-malin-ljungblom-myyntiprojektipaallikko-tapahtumat-yksityiset-markkinat\/"]}]},{"@type":"ImageObject","inLanguage":"fi","@id":"https:\/\/www.skeppsholmsgruppen.se\/fi\/meet-the-team-malin-ljungblom-myyntiprojektipaallikko-tapahtumat-yksityiset-markkinat\/#primaryimage","url":"https:\/\/www.skeppsholmsgruppen.se\/wp-content\/uploads\/2025\/01\/Instagram-Storty-Instagram-inlagg-Fyrkantig.jpg","contentUrl":"https:\/\/www.skeppsholmsgruppen.se\/wp-content\/uploads\/2025\/01\/Instagram-Storty-Instagram-inlagg-Fyrkantig.jpg","width":1080,"height":1080},{"@type":"BreadcrumbList","@id":"https:\/\/www.skeppsholmsgruppen.se\/fi\/meet-the-team-malin-ljungblom-myyntiprojektipaallikko-tapahtumat-yksityiset-markkinat\/#breadcrumb","itemListElement":[{"@type":"ListItem","position":1,"name":"Hem","item":"https:\/\/www.skeppsholmsgruppen.se\/fi\/"},{"@type":"ListItem","position":2,"name":"MEET THE TEAM: Malin Ljungblom myyntiprojektip\u00e4\u00e4llikk\u00f6 tapahtumat yksityiset markkinat"}]},{"@type":"WebSite","@id":"https:\/\/skeppsholmsgruppen.se\/#website","url":"https:\/\/skeppsholmsgruppen.se\/","name":"Skeppsholmsgruppen","description":"En historisk p\u00e4rla f\u00f6r konferens, event och fest bel\u00e4gen mitt i hj\u00e4rtat av Stockhom.","potentialAction":[{"@type":"SearchAction","target":{"@type":"EntryPoint","urlTemplate":"https:\/\/skeppsholmsgruppen.se\/?s={search_term_string}"},"query-input":{"@type":"PropertyValueSpecification","valueRequired":true,"valueName":"search_term_string"}}],"inLanguage":"fi"},{"@type":"Person","@id":"https:\/\/skeppsholmsgruppen.se\/#\/schema\/person\/3c596cb46fb415382e5494d7f6e4c914","name":"Anna","image":{"@type":"ImageObject","inLanguage":"fi","@id":"https:\/\/secure.gravatar.com\/avatar\/e30bc4ee9ef941b5f7ced6a5f66c284ab03347582074a11a423c71a74454b592?s=96&d=mm&r=g","url":"https:\/\/secure.gravatar.com\/avatar\/e30bc4ee9ef941b5f7ced6a5f66c284ab03347582074a11a423c71a74454b592?s=96&d=mm&r=g","contentUrl":"https:\/\/secure.gravatar.com\/avatar\/e30bc4ee9ef941b5f7ced6a5f66c284ab03347582074a11a423c71a74454b592?s=96&d=mm&r=g","caption":"Anna"},"url":"https:\/\/www.skeppsholmsgruppen.se\/fi\/author\/annapanna1978146790\/"}]}},"_links":{"self":[{"href":"https:\/\/www.skeppsholmsgruppen.se\/fi\/wp-json\/wp\/v2\/posts\/17600","targetHints":{"allow":["GET"]}}],"collection":[{"href":"https:\/\/www.skeppsholmsgruppen.se\/fi\/wp-json\/wp\/v2\/posts"}],"about":[{"href":"https:\/\/www.skeppsholmsgruppen.se\/fi\/wp-json\/wp\/v2\/types\/post"}],"author":[{"embeddable":true,"href":"https:\/\/www.skeppsholmsgruppen.se\/fi\/wp-json\/wp\/v2\/users\/247968714"}],"replies":[{"embeddable":true,"href":"https:\/\/www.skeppsholmsgruppen.se\/fi\/wp-json\/wp\/v2\/comments?post=17600"}],"version-history":[{"count":0,"href":"https:\/\/www.skeppsholmsgruppen.se\/fi\/wp-json\/wp\/v2\/posts\/17600\/revisions"}],"wp:featuredmedia":[{"embeddable":true,"href":"https:\/\/www.skeppsholmsgruppen.se\/fi\/wp-json\/wp\/v2\/media\/17602"}],"wp:attachment":[{"href":"https:\/\/www.skeppsholmsgruppen.se\/fi\/wp-json\/wp\/v2\/media?parent=17600"}],"wp:term":[{"taxonomy":"category","embeddable":true,"href":"https:\/\/www.skeppsholmsgruppen.se\/fi\/wp-json\/wp\/v2\/categories?post=17600"},{"taxonomy":"post_tag","embeddable":true,"href":"https:\/\/www.skeppsholmsgruppen.se\/fi\/wp-json\/wp\/v2\/tags?post=17600"}],"curies":[{"name":"wp","href":"https:\/\/api.w.org\/{rel}","templated":true}]}}