{"id":17879,"date":"2024-03-22T10:10:17","date_gmt":"2024-03-22T09:10:17","guid":{"rendered":"https:\/\/www.skeppsholmsgruppen.se\/meet-the-team-matilda-grunberger-perustaja-ja-omistaja\/"},"modified":"2025-03-13T13:50:28","modified_gmt":"2025-03-13T12:50:28","slug":"meet-the-team-matilda-grunberger-perustaja-ja-omistaja","status":"publish","type":"post","link":"https:\/\/www.skeppsholmsgruppen.se\/fi\/meet-the-team-matilda-grunberger-perustaja-ja-omistaja\/","title":{"rendered":"MEET THE TEAM: Matilda Gr\u00fcnberger Perustaja ja omistaja"},"content":{"rendered":"\n<p id=\"viewer-no35i152\"><strong>Miksi p\u00e4\u00e4tit ty\u00f6skennell\u00e4 Skeppsholmsgruppenissa ja miten matkasi t\u00e4\u00e4ll\u00e4 on t\u00e4h\u00e4n menness\u00e4 sujunut?  <\/strong><\/p>\n\n<p id=\"viewer-2c0i2155\">Olen yksi Skeppsholm Groupin perustajista, ja voin sanoa, ett\u00e4 sijainti valitsi minut. Minua pyydettiin vuonna 2016 vuokraamaan Eric Ericson -sali, ja n\u00e4in matkani alkoi t\u00e4\u00e4ll\u00e4 t\u00e4ss\u00e4 kauniissa paikassa. Matka on ollut uskomattoman j\u00e4nnitt\u00e4v\u00e4, ja olen innostunut n\u00e4kem\u00e4\u00e4n, mit\u00e4 seuraavan kulman takana on. Olemme kasvaneet todella nopeasti, ja meill\u00e4 on etuoikeus ty\u00f6skennell\u00e4 todella j\u00e4nnitt\u00e4vien asiakkaiden kanssa, mutta my\u00f6s yksityishenkil\u00f6iden kanssa, jotka valitsevat Skeppsholmenin t\u00e4rkeisiin hetkiin, kuten h\u00e4ihin, kasteisiin mutta my\u00f6s muistotilaisuuksiin. Asiakasvalikoima on laaja, ja kaikessa on oma vieh\u00e4tyksens\u00e4, ja me kaikki tunnemme suurta vastuuta ja kiitollisuutta kaikista toimeksiannoista.      <\/p>\n\n<p id=\"viewer-pvzbm157\"><strong>Milt\u00e4 ty\u00f6p\u00e4iv\u00e4si n\u00e4ytt\u00e4v\u00e4t?  <\/strong> <\/p>\n\n<p id=\"viewer-lhqwa160\">Minulla on laaja teht\u00e4v\u00e4, joka sopii minulle, koska saan ilmaista luovuuttani. Se, ett\u00e4 olen my\u00f6s ratkaisukeskeinen, on k\u00e4tev\u00e4\u00e4, kun ty\u00f6skentelen sen parissa, mit\u00e4 me teemme. Minulla on taustaa catering- ja musiikkialalta, mik\u00e4 antaa minulle laajan kokemuksen tapahtumista. Operatiivisten teht\u00e4vien lis\u00e4ksi teht\u00e4viini kuuluu my\u00f6s tiimimme johtaminen t\u00e4\u00e4ll\u00e4 Skeppsholmenilla. Toinen t\u00e4rke\u00e4 osa on kehitt\u00e4\u00e4 liiketoimintaamme ja tarjontaamme niin, ett\u00e4 tarjoamme aina houkuttelevia ja ajankohtaisia kokous- ja tapahtumamahdollisuuksia ja siten my\u00f6s lis\u00e4\u00e4mme omalta osaltamme ja yhteisty\u00f6kumppaneidemme tuloja ja n\u00e4kyvyytt\u00e4.      <\/p>\n\n<p id=\"viewer-3zspo162\"><strong>Voitko kertoa joitakin mieleenpainuvimpia hetki\u00e4 tai tapahtumia, joita olet kokenut ollessasi Skeppsholmsgruppenissa?<\/strong> <\/p>\n\n<p id=\"viewer-i160m165\">Jokainen tapahtuma on omalla tavallaan ikimuistoinen. Sit\u00e4 me teemme &#8211; luomme asiakkaillemme muistoja. Panostamme paljon siihen, ett\u00e4 kaikki l\u00e4htev\u00e4t Skeppsholmenista tyytyv\u00e4isin\u00e4 ja halukkaina tulemaan takaisin.    <\/p>\n\n<p id=\"viewer-5bnuv167\"><strong>  Mitk\u00e4 ominaisuudet ja taidot ovat mielest\u00e4si arvokkaimpia menesty\u00e4ksesi teht\u00e4v\u00e4ss\u00e4si Skeppsholmsgruppenilla?<\/strong> <\/p>\n\n<p id=\"viewer-vm8fl170\">Olen hyv\u00e4 ihmistuntija ja pystyn lukemaan ja ymm\u00e4rt\u00e4m\u00e4\u00e4n jo varhaisessa vaiheessa, mit\u00e4 asiakas haluaa luoda. Pitk\u00e4n kokemukseni yritystapahtumien j\u00e4rjest\u00e4misest\u00e4 edellisess\u00e4 yrityksess\u00e4ni monenlaisille asiakkaille erityyppisiss\u00e4 ymp\u00e4rist\u00f6iss\u00e4 sek\u00e4 Ruotsissa ett\u00e4 ulkomailla tarkoittaa, ett\u00e4 tied\u00e4n, mik\u00e4 toimii, ja minulla on my\u00f6s laaja toimittajaverkosto, mik\u00e4 on arvokasta.   <\/p>\n\n<p id=\"viewer-qjxyb174\"><strong>Millainen on tyypillinen ty\u00f6p\u00e4iv\u00e4si? Onko olemassa erityisi\u00e4 projekteja tai vastuualueita, joita haluaisit korostaa? <\/strong> <\/p>\n\n<p id=\"viewer-evts3177\">Useita j\u00e4nnitt\u00e4vi\u00e4 tapaamisia sek\u00e4 asiakkaiden ett\u00e4 yhteisty\u00f6kumppaneiden kanssa. Ty\u00f6skentelen paljon liiketoiminnan kehitt\u00e4misen parissa ja johdan upeaa henkil\u00f6st\u00f6\u00e4mme sek\u00e4 kehit\u00e4n ja parannan toimitilojamme ja tarjontaamme asiakkaille.   <\/p>\n\n<p id=\"viewer-twfs9179\"><strong>Skeppsholmsgruppen korostaa, ett\u00e4 asiakkaille on t\u00e4rke\u00e4\u00e4 luoda mieleenpainuvia kokemuksia. Voitko kertoa tarinan, jossa sin\u00e4 ja tiimisi onnistuitte ylitt\u00e4m\u00e4\u00e4n asiakkaiden odotukset? <\/strong> <\/p>\n\n<p id=\"viewer-djfpy182\">Rakastan yksityiskohtien hienos\u00e4\u00e4t\u00f6\u00e4, jotta vieraamme ja asiakkaamme saavat kokemuksen, joka ylitt\u00e4\u00e4 heid\u00e4n odotuksensa.  <\/p>\n\n<p id=\"viewer-yam6j184\"><strong>Millaisena n\u00e4et Skeppsholm-konsernin tulevaisuuden?  <\/strong>  <\/p>\n\n<p id=\"viewer-dsnfu187\">Olen niin uskomattoman ylpe\u00e4 tuotteestamme. Yrityksen omistajana t\u00e4m\u00e4 on ollut j\u00e4nnitt\u00e4v\u00e4 ja ajoittain jyrkk\u00e4 k\u00e4\u00e4nne kehitysmatkallamme. Rakastettu is\u00e4ni, joka oli my\u00f6s itsen\u00e4inen yritt\u00e4j\u00e4, sanoi aina:<em><strong> &#8221;Se onnistuu aina.&#8221;<\/strong><\/em> Sit\u00e4 kannan mukanani, kun uskaltaudun ottamaan seuraavan askeleen. Min\u00e4 ja kumppanini ja toinen perustajani Elin olemme ottaneet todella suuria askeleita viime vuosina.     <\/p>\n\n<p id=\"viewer-4gavb5523\">Saaren ainutlaatuiset tapahtumapaikat, joista jokaisella on oma luonteensa, antavat meille valtavan valikoiman, mik\u00e4 on fantastista. Nautin siit\u00e4, ett\u00e4 avaan asiakkaidemme luovan mielen ja n\u00e4yt\u00e4n heille kaikki ne mahdollisuudet, joita t\u00e4\u00e4ll\u00e4 on tarjolla, joko yhdess\u00e4 tilassa tai antamalla heid\u00e4n vieraidensa kokea useita tiloja yhdess\u00e4 toistensa kanssa. On todellinen kunnia tarjota t\u00e4t\u00e4 ja j\u00e4rjest\u00e4\u00e4 kaikki n\u00e4m\u00e4 upeat tapahtumat yhdess\u00e4 taianomaisessa paikassa &#8211; aivan Tukholman syd\u00e4mess\u00e4.    <\/p>\n\n<p id=\"viewer-poodg193\">Pysyvien tapahtumien, kokemusten ja muistojen luominen on intohimoni ja liikkeellepaneva voimani. Se, ett\u00e4 n\u00e4en ihmisten nauttivan, nauravan ja luovan muistoja, joita he kantavat mukanaan pitk\u00e4\u00e4n, motivoi minua eniten. Jokainen tapahtuma on tilaisuus luoda jotain ainutlaatuista ja ikimuistoista, ja pyrin aina ylitt\u00e4m\u00e4\u00e4n odotukset ja j\u00e4tt\u00e4m\u00e4\u00e4n asiakkaisiini ja heid\u00e4n vieraisiinsa pysyv\u00e4n vaikutuksen.    <\/p>\n\n<p id=\"viewer-2ldv2196\"><\/p>\n\n<p id=\"viewer-9g9h4198\">Luovuuden, ahkeruuden ja suuren omistautumisen avulla pyrin luomaan kokemuksia, jotka koskettavat ja inspiroivat. Osallistujien ilon ja tyytyv\u00e4isyyden n\u00e4keminen on suurin palkintoni ja t\u00e4rkein syy siihen, miksi pyrin jatkuvasti luomaan taianomaisia hetki\u00e4, jotka j\u00e4\u00e4v\u00e4t mieleen viel\u00e4 pitk\u00e4\u00e4n tapahtuman p\u00e4\u00e4ttymisen j\u00e4lkeen.   <\/p>\n\n<p><\/p>\n\n<figure class=\"wp-block-image size-large\"><img fetchpriority=\"high\" decoding=\"async\" width=\"1024\" height=\"1024\" src=\"https:\/\/www.skeppsholmsgruppen.se\/wp-content\/uploads\/2024\/05\/image-5-1024x1024.jpeg\" alt=\"\" class=\"wp-image-3965\" srcset=\"https:\/\/www.skeppsholmsgruppen.se\/wp-content\/uploads\/2024\/05\/image-5-1024x1024.jpeg 1024w, https:\/\/www.skeppsholmsgruppen.se\/wp-content\/uploads\/2024\/05\/image-5-300x300.jpeg 300w, https:\/\/www.skeppsholmsgruppen.se\/wp-content\/uploads\/2024\/05\/image-5-150x150.jpeg 150w, https:\/\/www.skeppsholmsgruppen.se\/wp-content\/uploads\/2024\/05\/image-5-768x768.jpeg 768w, https:\/\/www.skeppsholmsgruppen.se\/wp-content\/uploads\/2024\/05\/image-5.jpeg 1080w\" sizes=\"(max-width: 1024px) 100vw, 1024px\" \/><\/figure>\n","protected":false},"excerpt":{"rendered":"<p>Matilda kertoo, miten h\u00e4n aloitti matkansa Skeppsholm-ryhm\u00e4ss\u00e4.<\/p>\n","protected":false},"author":247968712,"featured_media":17881,"comment_status":"closed","ping_status":"closed","sticky":false,"template":"","format":"standard","meta":{"_acf_changed":false,"footnotes":""},"categories":[1372787],"tags":[],"class_list":["post-17879","post","type-post","status-publish","format-standard","has-post-thumbnail","hentry","category-uutinen"],"acf":[],"yoast_head":"<!-- This site is optimized with the Yoast SEO plugin v27.5 - https:\/\/yoast.com\/product\/yoast-seo-wordpress\/ -->\n<title>MEET THE TEAM: Matilda Gr\u00fcnberger Perustaja ja omistaja - Skeppsholmsgruppen<\/title>\n<meta name=\"robots\" content=\"index, follow, max-snippet:-1, max-image-preview:large, max-video-preview:-1\" \/>\n<link rel=\"canonical\" href=\"https:\/\/www.skeppsholmsgruppen.se\/fi\/meet-the-team-matilda-grunberger-perustaja-ja-omistaja\/\" \/>\n<meta property=\"og:locale\" content=\"fi_FI\" \/>\n<meta property=\"og:type\" content=\"article\" \/>\n<meta property=\"og:title\" content=\"MEET THE TEAM: Matilda Gr\u00fcnberger Perustaja ja omistaja - Skeppsholmsgruppen\" \/>\n<meta property=\"og:description\" content=\"Matilda kertoo, miten h\u00e4n aloitti matkansa Skeppsholm-ryhm\u00e4ss\u00e4.\" \/>\n<meta property=\"og:url\" content=\"https:\/\/www.skeppsholmsgruppen.se\/fi\/meet-the-team-matilda-grunberger-perustaja-ja-omistaja\/\" \/>\n<meta property=\"og:site_name\" content=\"Skeppsholmsgruppen\" \/>\n<meta property=\"article:published_time\" content=\"2024-03-22T09:10:17+00:00\" \/>\n<meta property=\"article:modified_time\" content=\"2025-03-13T12:50:28+00:00\" \/>\n<meta property=\"og:image\" content=\"https:\/\/www.skeppsholmsgruppen.se\/wp-content\/uploads\/2024\/05\/Matilda.png\" \/>\n\t<meta property=\"og:image:width\" content=\"600\" \/>\n\t<meta property=\"og:image:height\" content=\"400\" \/>\n\t<meta property=\"og:image:type\" content=\"image\/png\" \/>\n<meta name=\"author\" content=\"skeppsholmsgruppen1\" \/>\n<meta name=\"twitter:card\" content=\"summary_large_image\" \/>\n<meta name=\"twitter:label1\" content=\"Kirjoittanut\" \/>\n\t<meta name=\"twitter:data1\" content=\"skeppsholmsgruppen1\" \/>\n\t<meta name=\"twitter:label2\" content=\"Arvioitu lukuaika\" \/>\n\t<meta name=\"twitter:data2\" content=\"3 minuuttia\" \/>\n<script type=\"application\/ld+json\" class=\"yoast-schema-graph\">{\"@context\":\"https:\\\/\\\/schema.org\",\"@graph\":[{\"@type\":\"Article\",\"@id\":\"https:\\\/\\\/www.skeppsholmsgruppen.se\\\/fi\\\/meet-the-team-matilda-grunberger-perustaja-ja-omistaja\\\/#article\",\"isPartOf\":{\"@id\":\"https:\\\/\\\/www.skeppsholmsgruppen.se\\\/fi\\\/meet-the-team-matilda-grunberger-perustaja-ja-omistaja\\\/\"},\"author\":{\"name\":\"skeppsholmsgruppen1\",\"@id\":\"https:\\\/\\\/skeppsholmsgruppen.se\\\/#\\\/schema\\\/person\\\/3467ca66e78055fa878670a508c56258\"},\"headline\":\"MEET THE TEAM: Matilda Gr\u00fcnberger Perustaja ja omistaja\",\"datePublished\":\"2024-03-22T09:10:17+00:00\",\"dateModified\":\"2025-03-13T12:50:28+00:00\",\"mainEntityOfPage\":{\"@id\":\"https:\\\/\\\/www.skeppsholmsgruppen.se\\\/fi\\\/meet-the-team-matilda-grunberger-perustaja-ja-omistaja\\\/\"},\"wordCount\":664,\"image\":{\"@id\":\"https:\\\/\\\/www.skeppsholmsgruppen.se\\\/fi\\\/meet-the-team-matilda-grunberger-perustaja-ja-omistaja\\\/#primaryimage\"},\"thumbnailUrl\":\"https:\\\/\\\/www.skeppsholmsgruppen.se\\\/wp-content\\\/uploads\\\/2024\\\/05\\\/Matilda.png\",\"articleSection\":[\"Uutinen\"],\"inLanguage\":\"fi\"},{\"@type\":\"WebPage\",\"@id\":\"https:\\\/\\\/www.skeppsholmsgruppen.se\\\/fi\\\/meet-the-team-matilda-grunberger-perustaja-ja-omistaja\\\/\",\"url\":\"https:\\\/\\\/www.skeppsholmsgruppen.se\\\/fi\\\/meet-the-team-matilda-grunberger-perustaja-ja-omistaja\\\/\",\"name\":\"MEET THE TEAM: Matilda Gr\u00fcnberger Perustaja ja omistaja - Skeppsholmsgruppen\",\"isPartOf\":{\"@id\":\"https:\\\/\\\/skeppsholmsgruppen.se\\\/#website\"},\"primaryImageOfPage\":{\"@id\":\"https:\\\/\\\/www.skeppsholmsgruppen.se\\\/fi\\\/meet-the-team-matilda-grunberger-perustaja-ja-omistaja\\\/#primaryimage\"},\"image\":{\"@id\":\"https:\\\/\\\/www.skeppsholmsgruppen.se\\\/fi\\\/meet-the-team-matilda-grunberger-perustaja-ja-omistaja\\\/#primaryimage\"},\"thumbnailUrl\":\"https:\\\/\\\/www.skeppsholmsgruppen.se\\\/wp-content\\\/uploads\\\/2024\\\/05\\\/Matilda.png\",\"datePublished\":\"2024-03-22T09:10:17+00:00\",\"dateModified\":\"2025-03-13T12:50:28+00:00\",\"author\":{\"@id\":\"https:\\\/\\\/skeppsholmsgruppen.se\\\/#\\\/schema\\\/person\\\/3467ca66e78055fa878670a508c56258\"},\"breadcrumb\":{\"@id\":\"https:\\\/\\\/www.skeppsholmsgruppen.se\\\/fi\\\/meet-the-team-matilda-grunberger-perustaja-ja-omistaja\\\/#breadcrumb\"},\"inLanguage\":\"fi\",\"potentialAction\":[{\"@type\":\"ReadAction\",\"target\":[\"https:\\\/\\\/www.skeppsholmsgruppen.se\\\/fi\\\/meet-the-team-matilda-grunberger-perustaja-ja-omistaja\\\/\"]}]},{\"@type\":\"ImageObject\",\"inLanguage\":\"fi\",\"@id\":\"https:\\\/\\\/www.skeppsholmsgruppen.se\\\/fi\\\/meet-the-team-matilda-grunberger-perustaja-ja-omistaja\\\/#primaryimage\",\"url\":\"https:\\\/\\\/www.skeppsholmsgruppen.se\\\/wp-content\\\/uploads\\\/2024\\\/05\\\/Matilda.png\",\"contentUrl\":\"https:\\\/\\\/www.skeppsholmsgruppen.se\\\/wp-content\\\/uploads\\\/2024\\\/05\\\/Matilda.png\",\"width\":600,\"height\":400},{\"@type\":\"BreadcrumbList\",\"@id\":\"https:\\\/\\\/www.skeppsholmsgruppen.se\\\/fi\\\/meet-the-team-matilda-grunberger-perustaja-ja-omistaja\\\/#breadcrumb\",\"itemListElement\":[{\"@type\":\"ListItem\",\"position\":1,\"name\":\"Hem\",\"item\":\"https:\\\/\\\/www.skeppsholmsgruppen.se\\\/fi\\\/\"},{\"@type\":\"ListItem\",\"position\":2,\"name\":\"MEET THE TEAM: Matilda Gr\u00fcnberger Perustaja ja omistaja\"}]},{\"@type\":\"WebSite\",\"@id\":\"https:\\\/\\\/skeppsholmsgruppen.se\\\/#website\",\"url\":\"https:\\\/\\\/skeppsholmsgruppen.se\\\/\",\"name\":\"Skeppsholmsgruppen\",\"description\":\"En historisk p\u00e4rla f\u00f6r konferens, event och fest bel\u00e4gen mitt i hj\u00e4rtat av Stockhom.\",\"potentialAction\":[{\"@type\":\"SearchAction\",\"target\":{\"@type\":\"EntryPoint\",\"urlTemplate\":\"https:\\\/\\\/skeppsholmsgruppen.se\\\/?s={search_term_string}\"},\"query-input\":{\"@type\":\"PropertyValueSpecification\",\"valueRequired\":true,\"valueName\":\"search_term_string\"}}],\"inLanguage\":\"fi\"},{\"@type\":\"Person\",\"@id\":\"https:\\\/\\\/skeppsholmsgruppen.se\\\/#\\\/schema\\\/person\\\/3467ca66e78055fa878670a508c56258\",\"name\":\"skeppsholmsgruppen1\",\"image\":{\"@type\":\"ImageObject\",\"inLanguage\":\"fi\",\"@id\":\"https:\\\/\\\/secure.gravatar.com\\\/avatar\\\/af48df16b1b8af0bad113865b12c318ae400e2d2784467d83bce9a60aa66732f?s=96&d=mm&r=g\",\"url\":\"https:\\\/\\\/secure.gravatar.com\\\/avatar\\\/af48df16b1b8af0bad113865b12c318ae400e2d2784467d83bce9a60aa66732f?s=96&d=mm&r=g\",\"contentUrl\":\"https:\\\/\\\/secure.gravatar.com\\\/avatar\\\/af48df16b1b8af0bad113865b12c318ae400e2d2784467d83bce9a60aa66732f?s=96&d=mm&r=g\",\"caption\":\"skeppsholmsgruppen1\"},\"sameAs\":[\"http:\\\/\\\/skeppsholmsgruppense.wordpress.com\"],\"url\":\"https:\\\/\\\/www.skeppsholmsgruppen.se\\\/fi\\\/author\\\/skeppsholmsgruppen1\\\/\"}]}<\/script>\n<!-- \/ Yoast SEO plugin. -->","yoast_head_json":{"title":"MEET THE TEAM: Matilda Gr\u00fcnberger Perustaja ja omistaja - Skeppsholmsgruppen","robots":{"index":"index","follow":"follow","max-snippet":"max-snippet:-1","max-image-preview":"max-image-preview:large","max-video-preview":"max-video-preview:-1"},"canonical":"https:\/\/www.skeppsholmsgruppen.se\/fi\/meet-the-team-matilda-grunberger-perustaja-ja-omistaja\/","og_locale":"fi_FI","og_type":"article","og_title":"MEET THE TEAM: Matilda Gr\u00fcnberger Perustaja ja omistaja - Skeppsholmsgruppen","og_description":"Matilda kertoo, miten h\u00e4n aloitti matkansa Skeppsholm-ryhm\u00e4ss\u00e4.","og_url":"https:\/\/www.skeppsholmsgruppen.se\/fi\/meet-the-team-matilda-grunberger-perustaja-ja-omistaja\/","og_site_name":"Skeppsholmsgruppen","article_published_time":"2024-03-22T09:10:17+00:00","article_modified_time":"2025-03-13T12:50:28+00:00","og_image":[{"width":600,"height":400,"url":"https:\/\/www.skeppsholmsgruppen.se\/wp-content\/uploads\/2024\/05\/Matilda.png","type":"image\/png"}],"author":"skeppsholmsgruppen1","twitter_card":"summary_large_image","twitter_misc":{"Kirjoittanut":"skeppsholmsgruppen1","Arvioitu lukuaika":"3 minuuttia"},"schema":{"@context":"https:\/\/schema.org","@graph":[{"@type":"Article","@id":"https:\/\/www.skeppsholmsgruppen.se\/fi\/meet-the-team-matilda-grunberger-perustaja-ja-omistaja\/#article","isPartOf":{"@id":"https:\/\/www.skeppsholmsgruppen.se\/fi\/meet-the-team-matilda-grunberger-perustaja-ja-omistaja\/"},"author":{"name":"skeppsholmsgruppen1","@id":"https:\/\/skeppsholmsgruppen.se\/#\/schema\/person\/3467ca66e78055fa878670a508c56258"},"headline":"MEET THE TEAM: Matilda Gr\u00fcnberger Perustaja ja omistaja","datePublished":"2024-03-22T09:10:17+00:00","dateModified":"2025-03-13T12:50:28+00:00","mainEntityOfPage":{"@id":"https:\/\/www.skeppsholmsgruppen.se\/fi\/meet-the-team-matilda-grunberger-perustaja-ja-omistaja\/"},"wordCount":664,"image":{"@id":"https:\/\/www.skeppsholmsgruppen.se\/fi\/meet-the-team-matilda-grunberger-perustaja-ja-omistaja\/#primaryimage"},"thumbnailUrl":"https:\/\/www.skeppsholmsgruppen.se\/wp-content\/uploads\/2024\/05\/Matilda.png","articleSection":["Uutinen"],"inLanguage":"fi"},{"@type":"WebPage","@id":"https:\/\/www.skeppsholmsgruppen.se\/fi\/meet-the-team-matilda-grunberger-perustaja-ja-omistaja\/","url":"https:\/\/www.skeppsholmsgruppen.se\/fi\/meet-the-team-matilda-grunberger-perustaja-ja-omistaja\/","name":"MEET THE TEAM: Matilda Gr\u00fcnberger Perustaja ja omistaja - Skeppsholmsgruppen","isPartOf":{"@id":"https:\/\/skeppsholmsgruppen.se\/#website"},"primaryImageOfPage":{"@id":"https:\/\/www.skeppsholmsgruppen.se\/fi\/meet-the-team-matilda-grunberger-perustaja-ja-omistaja\/#primaryimage"},"image":{"@id":"https:\/\/www.skeppsholmsgruppen.se\/fi\/meet-the-team-matilda-grunberger-perustaja-ja-omistaja\/#primaryimage"},"thumbnailUrl":"https:\/\/www.skeppsholmsgruppen.se\/wp-content\/uploads\/2024\/05\/Matilda.png","datePublished":"2024-03-22T09:10:17+00:00","dateModified":"2025-03-13T12:50:28+00:00","author":{"@id":"https:\/\/skeppsholmsgruppen.se\/#\/schema\/person\/3467ca66e78055fa878670a508c56258"},"breadcrumb":{"@id":"https:\/\/www.skeppsholmsgruppen.se\/fi\/meet-the-team-matilda-grunberger-perustaja-ja-omistaja\/#breadcrumb"},"inLanguage":"fi","potentialAction":[{"@type":"ReadAction","target":["https:\/\/www.skeppsholmsgruppen.se\/fi\/meet-the-team-matilda-grunberger-perustaja-ja-omistaja\/"]}]},{"@type":"ImageObject","inLanguage":"fi","@id":"https:\/\/www.skeppsholmsgruppen.se\/fi\/meet-the-team-matilda-grunberger-perustaja-ja-omistaja\/#primaryimage","url":"https:\/\/www.skeppsholmsgruppen.se\/wp-content\/uploads\/2024\/05\/Matilda.png","contentUrl":"https:\/\/www.skeppsholmsgruppen.se\/wp-content\/uploads\/2024\/05\/Matilda.png","width":600,"height":400},{"@type":"BreadcrumbList","@id":"https:\/\/www.skeppsholmsgruppen.se\/fi\/meet-the-team-matilda-grunberger-perustaja-ja-omistaja\/#breadcrumb","itemListElement":[{"@type":"ListItem","position":1,"name":"Hem","item":"https:\/\/www.skeppsholmsgruppen.se\/fi\/"},{"@type":"ListItem","position":2,"name":"MEET THE TEAM: Matilda Gr\u00fcnberger Perustaja ja omistaja"}]},{"@type":"WebSite","@id":"https:\/\/skeppsholmsgruppen.se\/#website","url":"https:\/\/skeppsholmsgruppen.se\/","name":"Skeppsholmsgruppen","description":"En historisk p\u00e4rla f\u00f6r konferens, event och fest bel\u00e4gen mitt i hj\u00e4rtat av Stockhom.","potentialAction":[{"@type":"SearchAction","target":{"@type":"EntryPoint","urlTemplate":"https:\/\/skeppsholmsgruppen.se\/?s={search_term_string}"},"query-input":{"@type":"PropertyValueSpecification","valueRequired":true,"valueName":"search_term_string"}}],"inLanguage":"fi"},{"@type":"Person","@id":"https:\/\/skeppsholmsgruppen.se\/#\/schema\/person\/3467ca66e78055fa878670a508c56258","name":"skeppsholmsgruppen1","image":{"@type":"ImageObject","inLanguage":"fi","@id":"https:\/\/secure.gravatar.com\/avatar\/af48df16b1b8af0bad113865b12c318ae400e2d2784467d83bce9a60aa66732f?s=96&d=mm&r=g","url":"https:\/\/secure.gravatar.com\/avatar\/af48df16b1b8af0bad113865b12c318ae400e2d2784467d83bce9a60aa66732f?s=96&d=mm&r=g","contentUrl":"https:\/\/secure.gravatar.com\/avatar\/af48df16b1b8af0bad113865b12c318ae400e2d2784467d83bce9a60aa66732f?s=96&d=mm&r=g","caption":"skeppsholmsgruppen1"},"sameAs":["http:\/\/skeppsholmsgruppense.wordpress.com"],"url":"https:\/\/www.skeppsholmsgruppen.se\/fi\/author\/skeppsholmsgruppen1\/"}]}},"_links":{"self":[{"href":"https:\/\/www.skeppsholmsgruppen.se\/fi\/wp-json\/wp\/v2\/posts\/17879","targetHints":{"allow":["GET"]}}],"collection":[{"href":"https:\/\/www.skeppsholmsgruppen.se\/fi\/wp-json\/wp\/v2\/posts"}],"about":[{"href":"https:\/\/www.skeppsholmsgruppen.se\/fi\/wp-json\/wp\/v2\/types\/post"}],"author":[{"embeddable":true,"href":"https:\/\/www.skeppsholmsgruppen.se\/fi\/wp-json\/wp\/v2\/users\/247968712"}],"replies":[{"embeddable":true,"href":"https:\/\/www.skeppsholmsgruppen.se\/fi\/wp-json\/wp\/v2\/comments?post=17879"}],"version-history":[{"count":1,"href":"https:\/\/www.skeppsholmsgruppen.se\/fi\/wp-json\/wp\/v2\/posts\/17879\/revisions"}],"predecessor-version":[{"id":17883,"href":"https:\/\/www.skeppsholmsgruppen.se\/fi\/wp-json\/wp\/v2\/posts\/17879\/revisions\/17883"}],"wp:featuredmedia":[{"embeddable":true,"href":"https:\/\/www.skeppsholmsgruppen.se\/fi\/wp-json\/wp\/v2\/media\/17881"}],"wp:attachment":[{"href":"https:\/\/www.skeppsholmsgruppen.se\/fi\/wp-json\/wp\/v2\/media?parent=17879"}],"wp:term":[{"taxonomy":"category","embeddable":true,"href":"https:\/\/www.skeppsholmsgruppen.se\/fi\/wp-json\/wp\/v2\/categories?post=17879"},{"taxonomy":"post_tag","embeddable":true,"href":"https:\/\/www.skeppsholmsgruppen.se\/fi\/wp-json\/wp\/v2\/tags?post=17879"}],"curies":[{"name":"wp","href":"https:\/\/api.w.org\/{rel}","templated":true}]}}