{"id":21895,"date":"2025-06-17T11:23:52","date_gmt":"2025-06-17T09:23:52","guid":{"rendered":"https:\/\/www.skeppsholmsgruppen.se\/skeppsholmsgruppen-esittelee-prastgardenin-design-kokous-ja-tapahtumapaikan-skeppsholmenilla\/"},"modified":"2025-09-19T11:42:25","modified_gmt":"2025-09-19T09:42:25","slug":"skeppsholmsgruppen-esittelee-prastgardenin-design-kokous-ja-tapahtumapaikan-skeppsholmenilla","status":"publish","type":"post","link":"https:\/\/www.skeppsholmsgruppen.se\/fi\/skeppsholmsgruppen-esittelee-prastgardenin-design-kokous-ja-tapahtumapaikan-skeppsholmenilla\/","title":{"rendered":"Skeppsholmsgruppen esittelee Pr\u00e4stg\u00e5rdenin &#8211; design-kokous- ja tapahtumapaikan Skeppsholmenilla."},"content":{"rendered":"\n<p><strong>Tukholma,27. kes\u00e4kuuta 2025<\/strong><\/p>\n\n<p>Skeppsholmsgruppen jatkaa kasvuaan ja esittelee ylpe\u00e4n\u00e4 uuden tapahtuma- ja kokouspaikkansa &#8211; <strong>Pr\u00e4stg\u00e5rdenin<\/strong>. Paikka sijaitsee historiallisessa pappilassa, joka kuului aikoinaan Skeppsholmin kirkolle, aivan Tukholman kulttuurisessa syd\u00e4mess\u00e4. Siell\u00e4 yhdistyv\u00e4t ainutlaatuinen tunnelma, tyylik\u00e4s muotoilu ja ly\u00f6m\u00e4t\u00f6n sijainti, josta on n\u00e4kym\u00e4t sek\u00e4 Tukholman sis\u00e4vesille ett\u00e4 Eric Ericsonhallenille.    <\/p>\n\n<p><em>&#8211; Pappila on hyvin erityinen paikka. Sijainti, historia ja suunnittelu muodostavat inspiroivan kokonaisuuden. Olemme erityisen tyytyv\u00e4isi\u00e4 yhteisty\u00f6h\u00f6n rakennusta hallinnoivan Svensk Formin kanssa &#8211; se on t\u00e4rke\u00e4 ja merkityksellinen kumppanuus,  <\/em> <strong>sanoo Elin Dahlkvist Frid, Skeppsholmsgruppenin omistaja ja perustaja.<\/strong> <\/p>\n\n<p><strong>Pr\u00e4stg\u00e5rden<\/strong> sopii erinomaisesti hallituksen kokouksiin, ty\u00f6pajoihin, aamiaisiin, julkaisujuhliin ja yksityisiin illallisiin. Huoneeseen mahtuu 14 henke\u00e4 tyylikk\u00e4\u00e4n nahkap\u00f6yd\u00e4n ymp\u00e4rille, mutta se voidaan j\u00e4rjest\u00e4\u00e4 uudelleen jopa 40 hengelle sekoittumista tai elokuvateatteri-istuntoja varten.   <\/p>\n\n<figure class=\"wp-block-image size-large\"><img decoding=\"async\" data-src=\"https:\/\/www.skeppsholmsgruppen.se\/wp-content\/uploads\/2025\/06\/Skarmavbild-2025-06-17-kl.-11.10.46-1024x752.png\" alt=\"\" class=\"wp-image-21843 lazyload\" src=\"data:image\/svg+xml;base64,PHN2ZyB3aWR0aD0iMSIgaGVpZ2h0PSIxIiB4bWxucz0iaHR0cDovL3d3dy53My5vcmcvMjAwMC9zdmciPjwvc3ZnPg==\" style=\"--smush-placeholder-width: 1024px; --smush-placeholder-aspect-ratio: 1024\/752;\" \/><\/figure>\n\n<p><em>  Elin Dahlkvist Frid &amp; Matilda Gr\u00fcnberger<\/em><\/p>\n\n<p>Suunnittelun ovat allekirjoittaneet kaksi Ruotsin tunnetuinta suunnittelijaa &#8211; <strong>\u00c5ke Axelsson<\/strong> ja <strong>Jonas Bohlin<\/strong> &#8211; mik\u00e4 n\u00e4kyy jokaisessa yksityiskohdassa. Ajaton pohjoismainen estetiikka kohtaa nykyaikaisen toiminnallisuuden tilassa, joka huokuu sek\u00e4 rauhallisuutta ett\u00e4 luovuutta.   <\/p>\n\n<p><em>&#8211; &#8221;Pr\u00e4stg\u00e5rden edustaa kaikkea sit\u00e4, mist\u00e4 Skeppsholm-konsernissa pid\u00e4mme &#8211; muotoilua, historiaa ja henkil\u00f6kohtaista kohtaamista. Tuntuu uskomattoman hienolta avata t\u00e4m\u00e4 ainutlaatuinen paikka uusille yhteyksille ja antaa uusi el\u00e4m\u00e4 yhdelle Skeppsholmenin luonteenomaisimmista taloista,   <\/em><strong>sanoo Matilda Gr\u00fcnberger, Skeppsholmsgruppenin omistaja ja perustaja.  <\/strong><\/p>\n\n<figure class=\"wp-block-image size-full\"><img fetchpriority=\"high\" decoding=\"async\" width=\"793\" height=\"600\" src=\"https:\/\/www.skeppsholmsgruppen.se\/wp-content\/uploads\/2025\/05\/prastgarden-1.webp\" alt=\"\" class=\"wp-image-20880\" srcset=\"https:\/\/www.skeppsholmsgruppen.se\/wp-content\/uploads\/2025\/05\/prastgarden-1.webp 793w, https:\/\/www.skeppsholmsgruppen.se\/wp-content\/uploads\/2025\/05\/prastgarden-1-300x227.webp 300w, https:\/\/www.skeppsholmsgruppen.se\/wp-content\/uploads\/2025\/05\/prastgarden-1-768x581.webp 768w\" sizes=\"(max-width: 793px) 100vw, 793px\" \/><\/figure>\n\n<p>L\u00e4hell\u00e4 ArkDesi\u00e4, Moderna Museetia ja Tukholman kaupunkia sijaitseva Pr\u00e4stg\u00e5rden on erinomainen valinta yrityksille ja organisaatioille, jotka etsiv\u00e4t tilaa, jossa on sielua ja tyyli\u00e4.  <\/p>\n\n<p><strong>Katselua, varausta tai lis\u00e4tietoja varten<\/strong> &#8211; <a href=\"https:\/\/www.skeppsholmsgruppen.se\/fi\/ainutlaatuiset-tapahtumatilat\/pappila\/\"><strong>katso lis\u00e4\u00e4 t\u00e4\u00e4lt\u00e4.<br\/> <\/strong><\/a> <br\/><\/p>\n","protected":false},"excerpt":{"rendered":"<p>Tukholma,27. kes\u00e4kuuta 2025 Skeppsholmsgruppen jatkaa kasvuaan ja esittelee ylpe\u00e4n\u00e4 uuden tapahtuma- ja kokouspaikkansa &#8211; Pr\u00e4stg\u00e5rdenin. Paikka sijaitsee historiallisessa pappilassa, joka kuului aikoinaan Skeppsholmin kirkolle, aivan Tukholman kulttuurisessa syd\u00e4mess\u00e4. Siell\u00e4 yhdistyv\u00e4t ainutlaatuinen tunnelma, tyylik\u00e4s muotoilu ja ly\u00f6m\u00e4t\u00f6n sijainti, josta on n\u00e4kym\u00e4t sek\u00e4 Tukholman sis\u00e4vesille ett\u00e4 Eric Ericsonhallenille. &#8211; Pappila on hyvin erityinen paikka. Sijainti, historia ja [&hellip;]<\/p>\n","protected":false},"author":247968714,"featured_media":22470,"comment_status":"open","ping_status":"open","sticky":false,"template":"","format":"standard","meta":{"_acf_changed":false,"footnotes":""},"categories":[1372787],"tags":[],"class_list":["post-21895","post","type-post","status-publish","format-standard","has-post-thumbnail","hentry","category-uutinen"],"acf":[],"yoast_head":"<!-- This site is optimized with the Yoast SEO plugin v27.5 - https:\/\/yoast.com\/product\/yoast-seo-wordpress\/ -->\n<title>Skeppsholmsgruppen esittelee Pr\u00e4stg\u00e5rdenin - design-kokous- ja tapahtumapaikan Skeppsholmenilla. - Skeppsholmsgruppen<\/title>\n<meta name=\"robots\" content=\"index, follow, max-snippet:-1, max-image-preview:large, max-video-preview:-1\" \/>\n<link rel=\"canonical\" href=\"https:\/\/www.skeppsholmsgruppen.se\/fi\/skeppsholmsgruppen-esittelee-prastgardenin-design-kokous-ja-tapahtumapaikan-skeppsholmenilla\/\" \/>\n<meta property=\"og:locale\" content=\"fi_FI\" \/>\n<meta property=\"og:type\" content=\"article\" \/>\n<meta property=\"og:title\" content=\"Skeppsholmsgruppen esittelee Pr\u00e4stg\u00e5rdenin - design-kokous- ja tapahtumapaikan Skeppsholmenilla. - Skeppsholmsgruppen\" \/>\n<meta property=\"og:description\" content=\"Tukholma,27. kes\u00e4kuuta 2025 Skeppsholmsgruppen jatkaa kasvuaan ja esittelee ylpe\u00e4n\u00e4 uuden tapahtuma- ja kokouspaikkansa &#8211; Pr\u00e4stg\u00e5rdenin. Paikka sijaitsee historiallisessa pappilassa, joka kuului aikoinaan Skeppsholmin kirkolle, aivan Tukholman kulttuurisessa syd\u00e4mess\u00e4. Siell\u00e4 yhdistyv\u00e4t ainutlaatuinen tunnelma, tyylik\u00e4s muotoilu ja ly\u00f6m\u00e4t\u00f6n sijainti, josta on n\u00e4kym\u00e4t sek\u00e4 Tukholman sis\u00e4vesille ett\u00e4 Eric Ericsonhallenille. &#8211; Pappila on hyvin erityinen paikka. Sijainti, historia ja [&hellip;]\" \/>\n<meta property=\"og:url\" content=\"https:\/\/www.skeppsholmsgruppen.se\/fi\/skeppsholmsgruppen-esittelee-prastgardenin-design-kokous-ja-tapahtumapaikan-skeppsholmenilla\/\" \/>\n<meta property=\"og:site_name\" content=\"Skeppsholmsgruppen\" \/>\n<meta property=\"article:published_time\" content=\"2025-06-17T09:23:52+00:00\" \/>\n<meta property=\"article:modified_time\" content=\"2025-09-19T09:42:25+00:00\" \/>\n<meta property=\"og:image\" content=\"https:\/\/www.skeppsholmsgruppen.se\/wp-content\/uploads\/2025\/06\/Skarmavbild-2025-06-27-kl.-09.29.35.png\" \/>\n\t<meta property=\"og:image:width\" content=\"1248\" \/>\n\t<meta property=\"og:image:height\" content=\"770\" \/>\n\t<meta property=\"og:image:type\" content=\"image\/png\" \/>\n<meta name=\"author\" content=\"Anna\" \/>\n<meta name=\"twitter:card\" content=\"summary_large_image\" \/>\n<meta name=\"twitter:label1\" content=\"Kirjoittanut\" \/>\n\t<meta name=\"twitter:data1\" content=\"Anna\" \/>\n\t<meta name=\"twitter:label2\" content=\"Arvioitu lukuaika\" \/>\n\t<meta name=\"twitter:data2\" content=\"1 minuutti\" \/>\n<script type=\"application\/ld+json\" class=\"yoast-schema-graph\">{\"@context\":\"https:\\\/\\\/schema.org\",\"@graph\":[{\"@type\":\"Article\",\"@id\":\"https:\\\/\\\/www.skeppsholmsgruppen.se\\\/fi\\\/skeppsholmsgruppen-esittelee-prastgardenin-design-kokous-ja-tapahtumapaikan-skeppsholmenilla\\\/#article\",\"isPartOf\":{\"@id\":\"https:\\\/\\\/www.skeppsholmsgruppen.se\\\/fi\\\/skeppsholmsgruppen-esittelee-prastgardenin-design-kokous-ja-tapahtumapaikan-skeppsholmenilla\\\/\"},\"author\":{\"name\":\"Anna\",\"@id\":\"https:\\\/\\\/skeppsholmsgruppen.se\\\/#\\\/schema\\\/person\\\/3c596cb46fb415382e5494d7f6e4c914\"},\"headline\":\"Skeppsholmsgruppen esittelee Pr\u00e4stg\u00e5rdenin &#8211; design-kokous- ja tapahtumapaikan Skeppsholmenilla.\",\"datePublished\":\"2025-06-17T09:23:52+00:00\",\"dateModified\":\"2025-09-19T09:42:25+00:00\",\"mainEntityOfPage\":{\"@id\":\"https:\\\/\\\/www.skeppsholmsgruppen.se\\\/fi\\\/skeppsholmsgruppen-esittelee-prastgardenin-design-kokous-ja-tapahtumapaikan-skeppsholmenilla\\\/\"},\"wordCount\":267,\"commentCount\":0,\"image\":{\"@id\":\"https:\\\/\\\/www.skeppsholmsgruppen.se\\\/fi\\\/skeppsholmsgruppen-esittelee-prastgardenin-design-kokous-ja-tapahtumapaikan-skeppsholmenilla\\\/#primaryimage\"},\"thumbnailUrl\":\"https:\\\/\\\/www.skeppsholmsgruppen.se\\\/wp-content\\\/uploads\\\/2025\\\/06\\\/Skarmavbild-2025-06-27-kl.-09.29.35.png\",\"articleSection\":[\"Uutinen\"],\"inLanguage\":\"fi\",\"potentialAction\":[{\"@type\":\"CommentAction\",\"name\":\"Comment\",\"target\":[\"https:\\\/\\\/www.skeppsholmsgruppen.se\\\/fi\\\/skeppsholmsgruppen-esittelee-prastgardenin-design-kokous-ja-tapahtumapaikan-skeppsholmenilla\\\/#respond\"]}]},{\"@type\":\"WebPage\",\"@id\":\"https:\\\/\\\/www.skeppsholmsgruppen.se\\\/fi\\\/skeppsholmsgruppen-esittelee-prastgardenin-design-kokous-ja-tapahtumapaikan-skeppsholmenilla\\\/\",\"url\":\"https:\\\/\\\/www.skeppsholmsgruppen.se\\\/fi\\\/skeppsholmsgruppen-esittelee-prastgardenin-design-kokous-ja-tapahtumapaikan-skeppsholmenilla\\\/\",\"name\":\"Skeppsholmsgruppen esittelee Pr\u00e4stg\u00e5rdenin - design-kokous- ja tapahtumapaikan Skeppsholmenilla. - Skeppsholmsgruppen\",\"isPartOf\":{\"@id\":\"https:\\\/\\\/skeppsholmsgruppen.se\\\/#website\"},\"primaryImageOfPage\":{\"@id\":\"https:\\\/\\\/www.skeppsholmsgruppen.se\\\/fi\\\/skeppsholmsgruppen-esittelee-prastgardenin-design-kokous-ja-tapahtumapaikan-skeppsholmenilla\\\/#primaryimage\"},\"image\":{\"@id\":\"https:\\\/\\\/www.skeppsholmsgruppen.se\\\/fi\\\/skeppsholmsgruppen-esittelee-prastgardenin-design-kokous-ja-tapahtumapaikan-skeppsholmenilla\\\/#primaryimage\"},\"thumbnailUrl\":\"https:\\\/\\\/www.skeppsholmsgruppen.se\\\/wp-content\\\/uploads\\\/2025\\\/06\\\/Skarmavbild-2025-06-27-kl.-09.29.35.png\",\"datePublished\":\"2025-06-17T09:23:52+00:00\",\"dateModified\":\"2025-09-19T09:42:25+00:00\",\"author\":{\"@id\":\"https:\\\/\\\/skeppsholmsgruppen.se\\\/#\\\/schema\\\/person\\\/3c596cb46fb415382e5494d7f6e4c914\"},\"breadcrumb\":{\"@id\":\"https:\\\/\\\/www.skeppsholmsgruppen.se\\\/fi\\\/skeppsholmsgruppen-esittelee-prastgardenin-design-kokous-ja-tapahtumapaikan-skeppsholmenilla\\\/#breadcrumb\"},\"inLanguage\":\"fi\",\"potentialAction\":[{\"@type\":\"ReadAction\",\"target\":[\"https:\\\/\\\/www.skeppsholmsgruppen.se\\\/fi\\\/skeppsholmsgruppen-esittelee-prastgardenin-design-kokous-ja-tapahtumapaikan-skeppsholmenilla\\\/\"]}]},{\"@type\":\"ImageObject\",\"inLanguage\":\"fi\",\"@id\":\"https:\\\/\\\/www.skeppsholmsgruppen.se\\\/fi\\\/skeppsholmsgruppen-esittelee-prastgardenin-design-kokous-ja-tapahtumapaikan-skeppsholmenilla\\\/#primaryimage\",\"url\":\"https:\\\/\\\/www.skeppsholmsgruppen.se\\\/wp-content\\\/uploads\\\/2025\\\/06\\\/Skarmavbild-2025-06-27-kl.-09.29.35.png\",\"contentUrl\":\"https:\\\/\\\/www.skeppsholmsgruppen.se\\\/wp-content\\\/uploads\\\/2025\\\/06\\\/Skarmavbild-2025-06-27-kl.-09.29.35.png\",\"width\":1248,\"height\":770},{\"@type\":\"BreadcrumbList\",\"@id\":\"https:\\\/\\\/www.skeppsholmsgruppen.se\\\/fi\\\/skeppsholmsgruppen-esittelee-prastgardenin-design-kokous-ja-tapahtumapaikan-skeppsholmenilla\\\/#breadcrumb\",\"itemListElement\":[{\"@type\":\"ListItem\",\"position\":1,\"name\":\"Hem\",\"item\":\"https:\\\/\\\/www.skeppsholmsgruppen.se\\\/fi\\\/\"},{\"@type\":\"ListItem\",\"position\":2,\"name\":\"Skeppsholmsgruppen esittelee Pr\u00e4stg\u00e5rdenin &#8211; design-kokous- ja tapahtumapaikan Skeppsholmenilla.\"}]},{\"@type\":\"WebSite\",\"@id\":\"https:\\\/\\\/skeppsholmsgruppen.se\\\/#website\",\"url\":\"https:\\\/\\\/skeppsholmsgruppen.se\\\/\",\"name\":\"Skeppsholmsgruppen\",\"description\":\"En historisk p\u00e4rla f\u00f6r konferens, event och fest bel\u00e4gen mitt i hj\u00e4rtat av Stockhom.\",\"potentialAction\":[{\"@type\":\"SearchAction\",\"target\":{\"@type\":\"EntryPoint\",\"urlTemplate\":\"https:\\\/\\\/skeppsholmsgruppen.se\\\/?s={search_term_string}\"},\"query-input\":{\"@type\":\"PropertyValueSpecification\",\"valueRequired\":true,\"valueName\":\"search_term_string\"}}],\"inLanguage\":\"fi\"},{\"@type\":\"Person\",\"@id\":\"https:\\\/\\\/skeppsholmsgruppen.se\\\/#\\\/schema\\\/person\\\/3c596cb46fb415382e5494d7f6e4c914\",\"name\":\"Anna\",\"image\":{\"@type\":\"ImageObject\",\"inLanguage\":\"fi\",\"@id\":\"https:\\\/\\\/secure.gravatar.com\\\/avatar\\\/e30bc4ee9ef941b5f7ced6a5f66c284ab03347582074a11a423c71a74454b592?s=96&d=mm&r=g\",\"url\":\"https:\\\/\\\/secure.gravatar.com\\\/avatar\\\/e30bc4ee9ef941b5f7ced6a5f66c284ab03347582074a11a423c71a74454b592?s=96&d=mm&r=g\",\"contentUrl\":\"https:\\\/\\\/secure.gravatar.com\\\/avatar\\\/e30bc4ee9ef941b5f7ced6a5f66c284ab03347582074a11a423c71a74454b592?s=96&d=mm&r=g\",\"caption\":\"Anna\"},\"url\":\"https:\\\/\\\/www.skeppsholmsgruppen.se\\\/fi\\\/author\\\/annapanna1978146790\\\/\"}]}<\/script>\n<!-- \/ Yoast SEO plugin. -->","yoast_head_json":{"title":"Skeppsholmsgruppen esittelee Pr\u00e4stg\u00e5rdenin - design-kokous- ja tapahtumapaikan Skeppsholmenilla. - Skeppsholmsgruppen","robots":{"index":"index","follow":"follow","max-snippet":"max-snippet:-1","max-image-preview":"max-image-preview:large","max-video-preview":"max-video-preview:-1"},"canonical":"https:\/\/www.skeppsholmsgruppen.se\/fi\/skeppsholmsgruppen-esittelee-prastgardenin-design-kokous-ja-tapahtumapaikan-skeppsholmenilla\/","og_locale":"fi_FI","og_type":"article","og_title":"Skeppsholmsgruppen esittelee Pr\u00e4stg\u00e5rdenin - design-kokous- ja tapahtumapaikan Skeppsholmenilla. - Skeppsholmsgruppen","og_description":"Tukholma,27. kes\u00e4kuuta 2025 Skeppsholmsgruppen jatkaa kasvuaan ja esittelee ylpe\u00e4n\u00e4 uuden tapahtuma- ja kokouspaikkansa &#8211; Pr\u00e4stg\u00e5rdenin. Paikka sijaitsee historiallisessa pappilassa, joka kuului aikoinaan Skeppsholmin kirkolle, aivan Tukholman kulttuurisessa syd\u00e4mess\u00e4. Siell\u00e4 yhdistyv\u00e4t ainutlaatuinen tunnelma, tyylik\u00e4s muotoilu ja ly\u00f6m\u00e4t\u00f6n sijainti, josta on n\u00e4kym\u00e4t sek\u00e4 Tukholman sis\u00e4vesille ett\u00e4 Eric Ericsonhallenille. &#8211; Pappila on hyvin erityinen paikka. Sijainti, historia ja [&hellip;]","og_url":"https:\/\/www.skeppsholmsgruppen.se\/fi\/skeppsholmsgruppen-esittelee-prastgardenin-design-kokous-ja-tapahtumapaikan-skeppsholmenilla\/","og_site_name":"Skeppsholmsgruppen","article_published_time":"2025-06-17T09:23:52+00:00","article_modified_time":"2025-09-19T09:42:25+00:00","og_image":[{"width":1248,"height":770,"url":"https:\/\/www.skeppsholmsgruppen.se\/wp-content\/uploads\/2025\/06\/Skarmavbild-2025-06-27-kl.-09.29.35.png","type":"image\/png"}],"author":"Anna","twitter_card":"summary_large_image","twitter_misc":{"Kirjoittanut":"Anna","Arvioitu lukuaika":"1 minuutti"},"schema":{"@context":"https:\/\/schema.org","@graph":[{"@type":"Article","@id":"https:\/\/www.skeppsholmsgruppen.se\/fi\/skeppsholmsgruppen-esittelee-prastgardenin-design-kokous-ja-tapahtumapaikan-skeppsholmenilla\/#article","isPartOf":{"@id":"https:\/\/www.skeppsholmsgruppen.se\/fi\/skeppsholmsgruppen-esittelee-prastgardenin-design-kokous-ja-tapahtumapaikan-skeppsholmenilla\/"},"author":{"name":"Anna","@id":"https:\/\/skeppsholmsgruppen.se\/#\/schema\/person\/3c596cb46fb415382e5494d7f6e4c914"},"headline":"Skeppsholmsgruppen esittelee Pr\u00e4stg\u00e5rdenin &#8211; design-kokous- ja tapahtumapaikan Skeppsholmenilla.","datePublished":"2025-06-17T09:23:52+00:00","dateModified":"2025-09-19T09:42:25+00:00","mainEntityOfPage":{"@id":"https:\/\/www.skeppsholmsgruppen.se\/fi\/skeppsholmsgruppen-esittelee-prastgardenin-design-kokous-ja-tapahtumapaikan-skeppsholmenilla\/"},"wordCount":267,"commentCount":0,"image":{"@id":"https:\/\/www.skeppsholmsgruppen.se\/fi\/skeppsholmsgruppen-esittelee-prastgardenin-design-kokous-ja-tapahtumapaikan-skeppsholmenilla\/#primaryimage"},"thumbnailUrl":"https:\/\/www.skeppsholmsgruppen.se\/wp-content\/uploads\/2025\/06\/Skarmavbild-2025-06-27-kl.-09.29.35.png","articleSection":["Uutinen"],"inLanguage":"fi","potentialAction":[{"@type":"CommentAction","name":"Comment","target":["https:\/\/www.skeppsholmsgruppen.se\/fi\/skeppsholmsgruppen-esittelee-prastgardenin-design-kokous-ja-tapahtumapaikan-skeppsholmenilla\/#respond"]}]},{"@type":"WebPage","@id":"https:\/\/www.skeppsholmsgruppen.se\/fi\/skeppsholmsgruppen-esittelee-prastgardenin-design-kokous-ja-tapahtumapaikan-skeppsholmenilla\/","url":"https:\/\/www.skeppsholmsgruppen.se\/fi\/skeppsholmsgruppen-esittelee-prastgardenin-design-kokous-ja-tapahtumapaikan-skeppsholmenilla\/","name":"Skeppsholmsgruppen esittelee Pr\u00e4stg\u00e5rdenin - design-kokous- ja tapahtumapaikan Skeppsholmenilla. - Skeppsholmsgruppen","isPartOf":{"@id":"https:\/\/skeppsholmsgruppen.se\/#website"},"primaryImageOfPage":{"@id":"https:\/\/www.skeppsholmsgruppen.se\/fi\/skeppsholmsgruppen-esittelee-prastgardenin-design-kokous-ja-tapahtumapaikan-skeppsholmenilla\/#primaryimage"},"image":{"@id":"https:\/\/www.skeppsholmsgruppen.se\/fi\/skeppsholmsgruppen-esittelee-prastgardenin-design-kokous-ja-tapahtumapaikan-skeppsholmenilla\/#primaryimage"},"thumbnailUrl":"https:\/\/www.skeppsholmsgruppen.se\/wp-content\/uploads\/2025\/06\/Skarmavbild-2025-06-27-kl.-09.29.35.png","datePublished":"2025-06-17T09:23:52+00:00","dateModified":"2025-09-19T09:42:25+00:00","author":{"@id":"https:\/\/skeppsholmsgruppen.se\/#\/schema\/person\/3c596cb46fb415382e5494d7f6e4c914"},"breadcrumb":{"@id":"https:\/\/www.skeppsholmsgruppen.se\/fi\/skeppsholmsgruppen-esittelee-prastgardenin-design-kokous-ja-tapahtumapaikan-skeppsholmenilla\/#breadcrumb"},"inLanguage":"fi","potentialAction":[{"@type":"ReadAction","target":["https:\/\/www.skeppsholmsgruppen.se\/fi\/skeppsholmsgruppen-esittelee-prastgardenin-design-kokous-ja-tapahtumapaikan-skeppsholmenilla\/"]}]},{"@type":"ImageObject","inLanguage":"fi","@id":"https:\/\/www.skeppsholmsgruppen.se\/fi\/skeppsholmsgruppen-esittelee-prastgardenin-design-kokous-ja-tapahtumapaikan-skeppsholmenilla\/#primaryimage","url":"https:\/\/www.skeppsholmsgruppen.se\/wp-content\/uploads\/2025\/06\/Skarmavbild-2025-06-27-kl.-09.29.35.png","contentUrl":"https:\/\/www.skeppsholmsgruppen.se\/wp-content\/uploads\/2025\/06\/Skarmavbild-2025-06-27-kl.-09.29.35.png","width":1248,"height":770},{"@type":"BreadcrumbList","@id":"https:\/\/www.skeppsholmsgruppen.se\/fi\/skeppsholmsgruppen-esittelee-prastgardenin-design-kokous-ja-tapahtumapaikan-skeppsholmenilla\/#breadcrumb","itemListElement":[{"@type":"ListItem","position":1,"name":"Hem","item":"https:\/\/www.skeppsholmsgruppen.se\/fi\/"},{"@type":"ListItem","position":2,"name":"Skeppsholmsgruppen esittelee Pr\u00e4stg\u00e5rdenin &#8211; design-kokous- ja tapahtumapaikan Skeppsholmenilla."}]},{"@type":"WebSite","@id":"https:\/\/skeppsholmsgruppen.se\/#website","url":"https:\/\/skeppsholmsgruppen.se\/","name":"Skeppsholmsgruppen","description":"En historisk p\u00e4rla f\u00f6r konferens, event och fest bel\u00e4gen mitt i hj\u00e4rtat av Stockhom.","potentialAction":[{"@type":"SearchAction","target":{"@type":"EntryPoint","urlTemplate":"https:\/\/skeppsholmsgruppen.se\/?s={search_term_string}"},"query-input":{"@type":"PropertyValueSpecification","valueRequired":true,"valueName":"search_term_string"}}],"inLanguage":"fi"},{"@type":"Person","@id":"https:\/\/skeppsholmsgruppen.se\/#\/schema\/person\/3c596cb46fb415382e5494d7f6e4c914","name":"Anna","image":{"@type":"ImageObject","inLanguage":"fi","@id":"https:\/\/secure.gravatar.com\/avatar\/e30bc4ee9ef941b5f7ced6a5f66c284ab03347582074a11a423c71a74454b592?s=96&d=mm&r=g","url":"https:\/\/secure.gravatar.com\/avatar\/e30bc4ee9ef941b5f7ced6a5f66c284ab03347582074a11a423c71a74454b592?s=96&d=mm&r=g","contentUrl":"https:\/\/secure.gravatar.com\/avatar\/e30bc4ee9ef941b5f7ced6a5f66c284ab03347582074a11a423c71a74454b592?s=96&d=mm&r=g","caption":"Anna"},"url":"https:\/\/www.skeppsholmsgruppen.se\/fi\/author\/annapanna1978146790\/"}]}},"_links":{"self":[{"href":"https:\/\/www.skeppsholmsgruppen.se\/fi\/wp-json\/wp\/v2\/posts\/21895","targetHints":{"allow":["GET"]}}],"collection":[{"href":"https:\/\/www.skeppsholmsgruppen.se\/fi\/wp-json\/wp\/v2\/posts"}],"about":[{"href":"https:\/\/www.skeppsholmsgruppen.se\/fi\/wp-json\/wp\/v2\/types\/post"}],"author":[{"embeddable":true,"href":"https:\/\/www.skeppsholmsgruppen.se\/fi\/wp-json\/wp\/v2\/users\/247968714"}],"replies":[{"embeddable":true,"href":"https:\/\/www.skeppsholmsgruppen.se\/fi\/wp-json\/wp\/v2\/comments?post=21895"}],"version-history":[{"count":3,"href":"https:\/\/www.skeppsholmsgruppen.se\/fi\/wp-json\/wp\/v2\/posts\/21895\/revisions"}],"predecessor-version":[{"id":23326,"href":"https:\/\/www.skeppsholmsgruppen.se\/fi\/wp-json\/wp\/v2\/posts\/21895\/revisions\/23326"}],"wp:featuredmedia":[{"embeddable":true,"href":"https:\/\/www.skeppsholmsgruppen.se\/fi\/wp-json\/wp\/v2\/media\/22470"}],"wp:attachment":[{"href":"https:\/\/www.skeppsholmsgruppen.se\/fi\/wp-json\/wp\/v2\/media?parent=21895"}],"wp:term":[{"taxonomy":"category","embeddable":true,"href":"https:\/\/www.skeppsholmsgruppen.se\/fi\/wp-json\/wp\/v2\/categories?post=21895"},{"taxonomy":"post_tag","embeddable":true,"href":"https:\/\/www.skeppsholmsgruppen.se\/fi\/wp-json\/wp\/v2\/tags?post=21895"}],"curies":[{"name":"wp","href":"https:\/\/api.w.org\/{rel}","templated":true}]}}