{"id":17597,"date":"2025-01-07T12:38:28","date_gmt":"2025-01-07T11:38:28","guid":{"rendered":"https:\/\/www.skeppsholmsgruppen.se\/rencontre-avec-lequipe-malin-ljungblom-responsable-des-projets-de-vente-pour-les-evenements-sur-le-marche-prive\/"},"modified":"2025-01-07T12:38:28","modified_gmt":"2025-01-07T11:38:28","slug":"rencontre-avec-lequipe-malin-ljungblom-responsable-des-projets-de-vente-pour-les-evenements-sur-le-marche-prive","status":"publish","type":"post","link":"https:\/\/www.skeppsholmsgruppen.se\/fr\/rencontre-avec-lequipe-malin-ljungblom-responsable-des-projets-de-vente-pour-les-evenements-sur-le-marche-prive\/","title":{"rendered":"RENCONTRE AVEC L&rsquo;\u00c9QUIPE : Malin Ljungblom, responsable des projets de vente pour les \u00e9v\u00e9nements sur le march\u00e9 priv\u00e9"},"content":{"rendered":"<h2><strong>Malin Ljungblom rejoint le groupe Skeppsholm avec une solide exp\u00e9rience de l&rsquo;industrie et une passion pour les exp\u00e9riences, la culture et la musique !<\/strong><\/h2>\n<p>Nous sommes heureux d&rsquo;accueillir Malin Ljungblom en tant que nouvelle chef de projet chez Skeppsholmsgruppen. Forte d&rsquo;une solide exp\u00e9rience dans le secteur de l&rsquo;h\u00f4tellerie et d&rsquo;une passion pour la cr\u00e9ation d&rsquo;exp\u00e9riences m\u00e9morables, nous nous r\u00e9jouissons des contributions qu&rsquo;elle apportera \u00e0 notre \u00e9quipe. <\/p>\n<p><b><span data-contrast=\"auto\">Pouvez-vous nous parler un peu de vous et de votre parcours ?<\/span><\/b><span data-ccp-props=\"{\"134233117\":false,\"134233118\":false,\"335559738\":240,\"335559739\":240}\"> <\/span><\/p>\n<p><span data-contrast=\"auto\">J&rsquo;ai grandi \u00e0 Eker\u00f6, un endroit qui combine diff\u00e9rents mondes &#8211; des ch\u00e2teaux royaux et des p\u00e2turages \u00e0 vaches aux granges peintes de graffitis et aux villas de luxe. Cette diversit\u00e9 me refl\u00e8te \u00e9galement en tant que personne : j&rsquo;ai un int\u00e9r\u00eat br\u00fblant pour les chevaux et j&rsquo;appr\u00e9cie la vie \u00e0 la campagne, tandis que j&rsquo;aime le pouls de la ville et \u00eatre l\u00e0 o\u00f9 se passe l&rsquo;action. Vivre des exp\u00e9riences et cr\u00e9er des souvenirs est une chose qui me passionne vraiment, et c&rsquo;est aussi la raison pour laquelle je travaille comme je le fais aujourd&rsquo;hui.  <\/span><span data-ccp-props=\"{\"134233117\":false,\"134233118\":false,\"335559738\":240,\"335559739\":240}\"> <\/span><\/p>\n<p><b><span data-contrast=\"auto\">Qu&rsquo;est-ce qui vous a incit\u00e9 \u00e0 rejoindre le groupe Skeppsholm ?<\/span><\/b><span data-ccp-props=\"{\"134233117\":false,\"134233118\":false,\"335559738\":240,\"335559739\":240}\"> <\/span><\/p>\n<p><span data-contrast=\"auto\">L&rsquo;opportunit\u00e9 de travailler avec un tel \u00e9ventail de locaux diff\u00e9rents dans un endroit magique comme Skeppsholmen \u00e9tait extr\u00eamement attrayante. Travailler avec les propri\u00e9taires, Elin et Matilda, qui ont la ferme volont\u00e9 et l&rsquo;ambition de se d\u00e9velopper et d&rsquo;offrir des exp\u00e9riences de classe mondiale, m&rsquo;inspire vraiment. La passion pour les exp\u00e9riences, la culture et la musique impr\u00e8gne vraiment l&rsquo;entreprise ici, et c&rsquo;est fantastique de travailler avec des gens qui partagent vos int\u00e9r\u00eats.  <\/span><span data-ccp-props=\"{\"134233117\":false,\"134233118\":false,\"335559738\":240,\"335559739\":240}\"> <\/span><\/p>\n<p><b><span data-contrast=\"auto\">Que faisiez-vous avant de commencer \u00e0 travailler ici et comment pensez-vous que votre exp\u00e9rience ant\u00e9rieure peut contribuer \u00e0 votre nouvelle fonction ?<\/span><\/b><span data-ccp-props=\"{\"134233117\":false,\"134233118\":false,\"335559738\":240,\"335559739\":240}\"> <\/span><\/p>\n<p><span data-contrast=\"auto\">J&rsquo;ai travaill\u00e9 dans le secteur de l&rsquo;h\u00f4tellerie et de la restauration tout au long de ma vie professionnelle. J&rsquo;ai commenc\u00e9 par g\u00e9rer un petit caf\u00e9 sur Kungsholmen avec mon p\u00e8re. Ensuite, j&rsquo;ai assum\u00e9 diverses responsabilit\u00e9s dans plusieurs pubs de la ville, et j&rsquo;ai pass\u00e9 un certain temps en Norv\u00e8ge et en Espagne. Ces derni\u00e8res ann\u00e9es, j&rsquo;ai travaill\u00e9 comme chef de projet pour des \u00e9v\u00e9nements \u00e0 Fotografiska.   <\/span><span data-ccp-props=\"{\"134233117\":false,\"134233118\":false,\"335559738\":240,\"335559739\":240}\"> <\/span><\/p>\n<p><span data-contrast=\"auto\">J&rsquo;aime me perfectionner et apprendre de nouvelles choses, c&rsquo;est pourquoi j&rsquo;ai suivi plusieurs programmes de formation et obtenu un dipl\u00f4me de d\u00e9veloppeur de concepts pour l&rsquo;h\u00f4tellerie et l&rsquo;\u00e9v\u00e9nementiel \u00e0 l&rsquo;IHM Business School. J&rsquo;ai \u00e9galement \u00e9tudi\u00e9 la gestion des revenus pour l&rsquo;h\u00f4tellerie, la gestion de la musique innovante et le d\u00e9veloppement de concepts pour les \u00e9v\u00e9nements num\u00e9riques. Ma formation contribue \u00e0 mon sens des affaires et \u00e0 ma capacit\u00e9 \u00e0 cr\u00e9er la bonne offre pour la bonne personne. Mon exp\u00e9rience dans le secteur de la restauration me permet de comprendre ce qui est n\u00e9cessaire pour garantir le meilleur service et la meilleure exp\u00e9rience possibles lors des \u00e9v\u00e9nements.   <\/span><span data-ccp-props=\"{\"134233117\":false,\"134233118\":false,\"335559738\":240,\"335559739\":240}\"> <\/span><\/p>\n<p><b><span data-contrast=\"auto\">Quel est votre r\u00f4le au sein de Skeppsholmsgruppen et que signifie-t-il en pratique ?<\/span><\/b><span data-ccp-props=\"{\"134233117\":false,\"134233118\":false,\"335559738\":240,\"335559739\":240}\"> <\/span><\/p>\n<p><span data-contrast=\"auto\">Mon r\u00f4le consiste \u00e0 g\u00e9rer les projets de vente d&rsquo;\u00e9v\u00e9nements destin\u00e9s au march\u00e9 priv\u00e9. Cela signifie que je vendrai et traiterai les demandes de r\u00e9servation de nos fantastiques locaux, et que je g\u00e9rerai les projets et en serai responsable pendant la phase de planification et de mise en \u0153uvre. Mon r\u00f4le consiste \u00e9galement \u00e0 d\u00e9velopper constamment notre produit et nos offres, ainsi qu&rsquo;\u00e0 cr\u00e9er des solutions aussi intelligentes et attrayantes que possible pour nos clients.  <\/span><span data-ccp-props=\"{\"134233117\":false,\"134233118\":false,\"335559738\":240,\"335559739\":240}\"> <\/span><\/p>\n<p><b><span data-contrast=\"auto\">Quels sont les sujets sur lesquels vous \u00eates le plus impatient de travailler ici ?<\/span><\/b><span data-ccp-props=\"{\"134233117\":false,\"134233118\":false,\"335559738\":240,\"335559739\":240}\"> <\/span><\/p>\n<p><span data-contrast=\"auto\">Je me r\u00e9jouis de participer \u00e0 la phase de croissance passionnante dans laquelle se trouve le groupe Skeppsholm.<\/span><span data-ccp-props=\"{\"134233117\":false,\"134233118\":false,\"335559738\":240,\"335559739\":240}\"> <\/span><\/p>\n<p><b><span data-contrast=\"auto\">Comment esp\u00e9rez-vous contribuer au groupe Skeppsholm et \u00e0 son d\u00e9veloppement futur ?<\/span><\/b><span data-ccp-props=\"{\"134233117\":false,\"134233118\":false,\"335559738\":240,\"335559739\":240}\"> <\/span><\/p>\n<p><span data-contrast=\"auto\">J&rsquo;esp\u00e8re que mon dynamisme et mon expertise en mati\u00e8re d&rsquo;\u00e9v\u00e9nements et de d\u00e9veloppement d&rsquo;activit\u00e9s et de concepts contribueront de mani\u00e8re positive au d\u00e9veloppement futur du groupe Skeppsholms.<\/span><span data-ccp-props=\"{\"134233117\":false,\"134233118\":false,\"335559738\":240,\"335559739\":240}\"> <\/span><\/p>\n<p><b><span data-contrast=\"auto\">Comment s&rsquo;est pass\u00e9e votre premi\u00e8re exp\u00e9rience \u00e0 Skeppsholmsgruppen ?<\/span><\/b><span data-ccp-props=\"{\"134233117\":false,\"134233118\":false,\"335559738\":240,\"335559739\":240}\"> <\/span><\/p>\n<p><span data-contrast=\"auto\">Je me suis sentie tr\u00e8s bien accueillie et prise en charge.<\/span><span data-ccp-props=\"{\"134233117\":false,\"134233118\":false,\"335559738\":240,\"335559739\":240}\"> <\/span><\/p>\n<p><b><span data-contrast=\"auto\">Quelle est votre premi\u00e8re impression de l&rsquo;\u00e9quipe et de la culture du lieu de travail ?<\/span><\/b><span data-ccp-props=\"{\"134233117\":false,\"134233118\":false,\"335559738\":240,\"335559739\":240}\"> <\/span><\/p>\n<p><span data-contrast=\"auto\">Quel \u00e9v\u00e9nement ! Quel dynamisme ! Je suis impressionn\u00e9 chaque jour par le haut niveau de l&rsquo;\u00e9quipe ici. J&rsquo;ai l&rsquo;impression qu&rsquo;il y a un plafond \u00e9lev\u00e9 et que nous travaillons tous ensemble vers le m\u00eame objectif &#8211; propri\u00e9taires, vendeurs, chefs de projet et partenaires.   <\/span><span data-ccp-props=\"{\"134233117\":false,\"134233118\":false,\"335559738\":240,\"335559739\":240}\"> <\/span><\/p>\n<p><b><span data-contrast=\"auto\">Y a-t-il quelque chose qui vous a surpris depuis que vous avez commenc\u00e9 ?<\/span><\/b><span data-ccp-props=\"{\"134233117\":false,\"134233118\":false,\"335559738\":240,\"335559739\":240}\"> <\/span><\/p>\n<p><span data-contrast=\"auto\">Skeppsholmen. Quelle petite \u00eele fantastique ! <\/span><span data-ccp-props=\"{\"134233117\":false,\"134233118\":false,\"335559738\":240,\"335559739\":240}\"> <\/span><\/p>\n<p><b><span data-contrast=\"auto\">Que faites-vous de votre temps libre lorsque vous ne travaillez pas ?<\/span><\/b><span data-ccp-props=\"{\"134233117\":false,\"134233118\":false,\"335559738\":240,\"335559739\":240}\"> <\/span><\/p>\n<p><span data-contrast=\"auto\">Cela varie beaucoup. Parfois, je suis d&rsquo;humeur \u00e0 faire du yoga et \u00e0 passer une soir\u00e9e \u00e0 la maison avec un marathon Netflix. D&rsquo;autres fois, j&rsquo;ai envie d&rsquo;une soir\u00e9e en ville, de rencontrer des amis, d&rsquo;essayer diff\u00e9rents restaurants, d&rsquo;aller \u00e0 des concerts et \u00e0 des \u00e9v\u00e9nements. Certains jours, je suis \u00e0 l&rsquo;\u00e9curie en train de faire les valises, d&rsquo;autres jours, je pars en week-end dans une ville passionnante.   <\/span><span data-ccp-props=\"{\"134233117\":false,\"134233118\":false,\"335559738\":240,\"335559739\":240}\"> <\/span><\/p>\n<p><b><span data-contrast=\"auto\">Avez-vous un endroit pr\u00e9f\u00e9r\u00e9 \u00e0 Skeppsholmen (ou dans les environs) que vous aimeriez recommander ?<\/span><\/b><span data-ccp-props=\"{\"134233117\":false,\"134233118\":false,\"335559738\":240,\"335559739\":240}\"> <\/span><\/p>\n<p><span data-contrast=\"auto\">La promenade que je fais tous les matins entre le m\u00e9tro Kungstr\u00e4dg\u00e5rden et Skeppsholmen est tout \u00e0 fait magique. Vous passez devant les bateaux qui flottent sur le quai, vous regardez le soleil se lever sur l&rsquo;eau, avec le ch\u00e2teau et la vieille ville en arri\u00e8re-plan. C&rsquo;est imbattable.  <\/span><\/p>\n<p><b><span data-contrast=\"none\">Si vous pouviez choisir une activit\u00e9 ou un \u00e9v\u00e9nement de r\u00eave \u00e0 organiser sur Skeppsholmen, quelle serait-elle ?<\/span><\/b><\/p>\n<p><span data-contrast=\"none\">Je ne serais pas contre l&rsquo;organisation d&rsquo;un festival de musique o\u00f9 chaque lieu propose des concerts de diff\u00e9rents types, o\u00f9 les participants peuvent simplement se rendre et d\u00e9couvrir des genres qu&rsquo;ils n&rsquo;ont peut-\u00eatre jamais entendus auparavant, mais qu&rsquo;ils pourraient commencer \u00e0 aimer. Ce sera \u00e9galement l&rsquo;occasion de d\u00e9couvrir de nouveaux groupes et de nouer de nouveaux contacts.   <\/span><span data-ccp-props=\"{\"134233117\":false,\"134233118\":false,\"335551550\":1,\"335551620\":1,\"335557856\":16777215,\"335559738\":0,\"335559739\":160}\"> <\/span><\/p>\n<p><span data-contrast=\"none\">J&rsquo;aimerais \u00e9galement cr\u00e9er des \u00e9v\u00e9nements et des activit\u00e9s pour lutter contre la solitude involontaire.<\/span><span data-ccp-props=\"{\"134233117\":false,\"134233118\":false,\"335551550\":1,\"335551620\":1,\"335557856\":16777215,\"335559738\":0,\"335559739\":160}\"> <\/span><\/p>\n","protected":false},"excerpt":{"rendered":"<p>Malin Ljungblom rejoint le groupe Skeppsholm avec une solide exp\u00e9rience de l&rsquo;industrie et une passion pour les exp\u00e9riences, la culture et la musique ! Nous sommes heureux d&rsquo;accueillir Malin Ljungblom en tant que nouvelle chef de projet chez Skeppsholmsgruppen. Forte d&rsquo;une solide exp\u00e9rience dans le secteur de l&rsquo;h\u00f4tellerie et d&rsquo;une passion pour la cr\u00e9ation d&rsquo;exp\u00e9riences [&hellip;]<\/p>\n","protected":false},"author":247968714,"featured_media":16050,"comment_status":"open","ping_status":"open","sticky":false,"template":"","format":"standard","meta":{"_acf_changed":false,"footnotes":""},"categories":[1372373],"tags":[],"class_list":["post-17597","post","type-post","status-publish","format-standard","has-post-thumbnail","hentry","category-actualites"],"acf":[],"yoast_head":"<!-- This site is optimized with the Yoast SEO plugin v27.5 - https:\/\/yoast.com\/product\/yoast-seo-wordpress\/ -->\n<title>RENCONTRE AVEC L&#039;\u00c9QUIPE : Malin Ljungblom, responsable des projets de vente pour les \u00e9v\u00e9nements sur le march\u00e9 priv\u00e9 - Skeppsholmsgruppen<\/title>\n<meta name=\"robots\" content=\"index, follow, max-snippet:-1, max-image-preview:large, max-video-preview:-1\" \/>\n<link rel=\"canonical\" href=\"https:\/\/www.skeppsholmsgruppen.se\/fr\/rencontre-avec-lequipe-malin-ljungblom-responsable-des-projets-de-vente-pour-les-evenements-sur-le-marche-prive\/\" \/>\n<meta property=\"og:locale\" content=\"fr_FR\" \/>\n<meta property=\"og:type\" content=\"article\" \/>\n<meta property=\"og:title\" content=\"RENCONTRE AVEC L&#039;\u00c9QUIPE : Malin Ljungblom, responsable des projets de vente pour les \u00e9v\u00e9nements sur le march\u00e9 priv\u00e9 - Skeppsholmsgruppen\" \/>\n<meta property=\"og:description\" content=\"Malin Ljungblom rejoint le groupe Skeppsholm avec une solide exp\u00e9rience de l&rsquo;industrie et une passion pour les exp\u00e9riences, la culture et la musique ! Nous sommes heureux d&rsquo;accueillir Malin Ljungblom en tant que nouvelle chef de projet chez Skeppsholmsgruppen. Forte d&rsquo;une solide exp\u00e9rience dans le secteur de l&rsquo;h\u00f4tellerie et d&rsquo;une passion pour la cr\u00e9ation d&rsquo;exp\u00e9riences [&hellip;]\" \/>\n<meta property=\"og:url\" content=\"https:\/\/www.skeppsholmsgruppen.se\/fr\/rencontre-avec-lequipe-malin-ljungblom-responsable-des-projets-de-vente-pour-les-evenements-sur-le-marche-prive\/\" \/>\n<meta property=\"og:site_name\" content=\"Skeppsholmsgruppen\" \/>\n<meta property=\"article:published_time\" content=\"2025-01-07T11:38:28+00:00\" \/>\n<meta property=\"og:image\" content=\"https:\/\/www.skeppsholmsgruppen.se\/wp-content\/uploads\/2025\/01\/Instagram-Storty-Instagram-inlagg-Fyrkantig.jpg\" \/>\n\t<meta property=\"og:image:width\" content=\"1080\" \/>\n\t<meta property=\"og:image:height\" content=\"1080\" \/>\n\t<meta property=\"og:image:type\" content=\"image\/jpeg\" \/>\n<meta name=\"author\" content=\"Anna\" \/>\n<meta name=\"twitter:card\" content=\"summary_large_image\" \/>\n<meta name=\"twitter:label1\" content=\"\u00c9crit par\" \/>\n\t<meta name=\"twitter:data1\" content=\"Anna\" \/>\n\t<meta name=\"twitter:label2\" content=\"Dur\u00e9e de lecture estim\u00e9e\" \/>\n\t<meta name=\"twitter:data2\" content=\"5 minutes\" \/>\n<script type=\"application\/ld+json\" class=\"yoast-schema-graph\">{\"@context\":\"https:\\\/\\\/schema.org\",\"@graph\":[{\"@type\":\"Article\",\"@id\":\"https:\\\/\\\/www.skeppsholmsgruppen.se\\\/fr\\\/rencontre-avec-lequipe-malin-ljungblom-responsable-des-projets-de-vente-pour-les-evenements-sur-le-marche-prive\\\/#article\",\"isPartOf\":{\"@id\":\"https:\\\/\\\/www.skeppsholmsgruppen.se\\\/fr\\\/rencontre-avec-lequipe-malin-ljungblom-responsable-des-projets-de-vente-pour-les-evenements-sur-le-marche-prive\\\/\"},\"author\":{\"name\":\"Anna\",\"@id\":\"https:\\\/\\\/skeppsholmsgruppen.se\\\/#\\\/schema\\\/person\\\/3c596cb46fb415382e5494d7f6e4c914\"},\"headline\":\"RENCONTRE AVEC L&rsquo;\u00c9QUIPE : Malin Ljungblom, responsable des projets de vente pour les \u00e9v\u00e9nements sur le march\u00e9 priv\u00e9\",\"datePublished\":\"2025-01-07T11:38:28+00:00\",\"mainEntityOfPage\":{\"@id\":\"https:\\\/\\\/www.skeppsholmsgruppen.se\\\/fr\\\/rencontre-avec-lequipe-malin-ljungblom-responsable-des-projets-de-vente-pour-les-evenements-sur-le-marche-prive\\\/\"},\"wordCount\":1078,\"commentCount\":0,\"publisher\":{\"@id\":\"https:\\\/\\\/skeppsholmsgruppen.se\\\/#organization\"},\"image\":{\"@id\":\"https:\\\/\\\/www.skeppsholmsgruppen.se\\\/fr\\\/rencontre-avec-lequipe-malin-ljungblom-responsable-des-projets-de-vente-pour-les-evenements-sur-le-marche-prive\\\/#primaryimage\"},\"thumbnailUrl\":\"https:\\\/\\\/www.skeppsholmsgruppen.se\\\/wp-content\\\/uploads\\\/2025\\\/01\\\/Instagram-Storty-Instagram-inlagg-Fyrkantig.jpg\",\"articleSection\":[\"Actualit\u00e9s\"],\"inLanguage\":\"fr-FR\",\"potentialAction\":[{\"@type\":\"CommentAction\",\"name\":\"Comment\",\"target\":[\"https:\\\/\\\/www.skeppsholmsgruppen.se\\\/fr\\\/rencontre-avec-lequipe-malin-ljungblom-responsable-des-projets-de-vente-pour-les-evenements-sur-le-marche-prive\\\/#respond\"]}]},{\"@type\":\"WebPage\",\"@id\":\"https:\\\/\\\/www.skeppsholmsgruppen.se\\\/fr\\\/rencontre-avec-lequipe-malin-ljungblom-responsable-des-projets-de-vente-pour-les-evenements-sur-le-marche-prive\\\/\",\"url\":\"https:\\\/\\\/www.skeppsholmsgruppen.se\\\/fr\\\/rencontre-avec-lequipe-malin-ljungblom-responsable-des-projets-de-vente-pour-les-evenements-sur-le-marche-prive\\\/\",\"name\":\"RENCONTRE AVEC L'\u00c9QUIPE : Malin Ljungblom, responsable des projets de vente pour les \u00e9v\u00e9nements sur le march\u00e9 priv\u00e9 - Skeppsholmsgruppen\",\"isPartOf\":{\"@id\":\"https:\\\/\\\/skeppsholmsgruppen.se\\\/#website\"},\"primaryImageOfPage\":{\"@id\":\"https:\\\/\\\/www.skeppsholmsgruppen.se\\\/fr\\\/rencontre-avec-lequipe-malin-ljungblom-responsable-des-projets-de-vente-pour-les-evenements-sur-le-marche-prive\\\/#primaryimage\"},\"image\":{\"@id\":\"https:\\\/\\\/www.skeppsholmsgruppen.se\\\/fr\\\/rencontre-avec-lequipe-malin-ljungblom-responsable-des-projets-de-vente-pour-les-evenements-sur-le-marche-prive\\\/#primaryimage\"},\"thumbnailUrl\":\"https:\\\/\\\/www.skeppsholmsgruppen.se\\\/wp-content\\\/uploads\\\/2025\\\/01\\\/Instagram-Storty-Instagram-inlagg-Fyrkantig.jpg\",\"datePublished\":\"2025-01-07T11:38:28+00:00\",\"breadcrumb\":{\"@id\":\"https:\\\/\\\/www.skeppsholmsgruppen.se\\\/fr\\\/rencontre-avec-lequipe-malin-ljungblom-responsable-des-projets-de-vente-pour-les-evenements-sur-le-marche-prive\\\/#breadcrumb\"},\"inLanguage\":\"fr-FR\",\"potentialAction\":[{\"@type\":\"ReadAction\",\"target\":[\"https:\\\/\\\/www.skeppsholmsgruppen.se\\\/fr\\\/rencontre-avec-lequipe-malin-ljungblom-responsable-des-projets-de-vente-pour-les-evenements-sur-le-marche-prive\\\/\"]}]},{\"@type\":\"ImageObject\",\"inLanguage\":\"fr-FR\",\"@id\":\"https:\\\/\\\/www.skeppsholmsgruppen.se\\\/fr\\\/rencontre-avec-lequipe-malin-ljungblom-responsable-des-projets-de-vente-pour-les-evenements-sur-le-marche-prive\\\/#primaryimage\",\"url\":\"https:\\\/\\\/www.skeppsholmsgruppen.se\\\/wp-content\\\/uploads\\\/2025\\\/01\\\/Instagram-Storty-Instagram-inlagg-Fyrkantig.jpg\",\"contentUrl\":\"https:\\\/\\\/www.skeppsholmsgruppen.se\\\/wp-content\\\/uploads\\\/2025\\\/01\\\/Instagram-Storty-Instagram-inlagg-Fyrkantig.jpg\",\"width\":1080,\"height\":1080},{\"@type\":\"BreadcrumbList\",\"@id\":\"https:\\\/\\\/www.skeppsholmsgruppen.se\\\/fr\\\/rencontre-avec-lequipe-malin-ljungblom-responsable-des-projets-de-vente-pour-les-evenements-sur-le-marche-prive\\\/#breadcrumb\",\"itemListElement\":[{\"@type\":\"ListItem\",\"position\":1,\"name\":\"Hem\",\"item\":\"https:\\\/\\\/www.skeppsholmsgruppen.se\\\/fr\\\/\"},{\"@type\":\"ListItem\",\"position\":2,\"name\":\"RENCONTRE AVEC L&#8217;\u00c9QUIPE : Malin Ljungblom, responsable des projets de vente pour les \u00e9v\u00e9nements sur le march\u00e9 priv\u00e9\"}]},{\"@type\":\"WebSite\",\"@id\":\"https:\\\/\\\/skeppsholmsgruppen.se\\\/#website\",\"url\":\"https:\\\/\\\/skeppsholmsgruppen.se\\\/\",\"name\":\"Skeppsholmsgruppen\",\"description\":\"En historisk p\u00e4rla f\u00f6r konferens, event och fest bel\u00e4gen mitt i hj\u00e4rtat av Stockhom.\",\"publisher\":{\"@id\":\"https:\\\/\\\/skeppsholmsgruppen.se\\\/#organization\"},\"potentialAction\":[{\"@type\":\"SearchAction\",\"target\":{\"@type\":\"EntryPoint\",\"urlTemplate\":\"https:\\\/\\\/skeppsholmsgruppen.se\\\/?s={search_term_string}\"},\"query-input\":{\"@type\":\"PropertyValueSpecification\",\"valueRequired\":true,\"valueName\":\"search_term_string\"}}],\"inLanguage\":\"fr-FR\"},{\"@type\":\"Organization\",\"@id\":\"https:\\\/\\\/skeppsholmsgruppen.se\\\/#organization\",\"name\":\"Skeppsholmsgruppen\",\"url\":\"https:\\\/\\\/skeppsholmsgruppen.se\\\/\",\"logo\":{\"@type\":\"ImageObject\",\"inLanguage\":\"fr-FR\",\"@id\":\"https:\\\/\\\/skeppsholmsgruppen.se\\\/#\\\/schema\\\/logo\\\/image\\\/\",\"url\":\"https:\\\/\\\/www.skeppsholmsgruppen.se\\\/wp-content\\\/uploads\\\/2024\\\/03\\\/SHG-icon-white-130.png\",\"contentUrl\":\"https:\\\/\\\/www.skeppsholmsgruppen.se\\\/wp-content\\\/uploads\\\/2024\\\/03\\\/SHG-icon-white-130.png\",\"width\":130,\"height\":130,\"caption\":\"Skeppsholmsgruppen\"},\"image\":{\"@id\":\"https:\\\/\\\/skeppsholmsgruppen.se\\\/#\\\/schema\\\/logo\\\/image\\\/\"}},{\"@type\":\"Person\",\"@id\":\"https:\\\/\\\/skeppsholmsgruppen.se\\\/#\\\/schema\\\/person\\\/3c596cb46fb415382e5494d7f6e4c914\",\"name\":\"Anna\",\"image\":{\"@type\":\"ImageObject\",\"inLanguage\":\"fr-FR\",\"@id\":\"https:\\\/\\\/secure.gravatar.com\\\/avatar\\\/e30bc4ee9ef941b5f7ced6a5f66c284ab03347582074a11a423c71a74454b592?s=96&d=mm&r=g\",\"url\":\"https:\\\/\\\/secure.gravatar.com\\\/avatar\\\/e30bc4ee9ef941b5f7ced6a5f66c284ab03347582074a11a423c71a74454b592?s=96&d=mm&r=g\",\"contentUrl\":\"https:\\\/\\\/secure.gravatar.com\\\/avatar\\\/e30bc4ee9ef941b5f7ced6a5f66c284ab03347582074a11a423c71a74454b592?s=96&d=mm&r=g\",\"caption\":\"Anna\"},\"url\":\"https:\\\/\\\/www.skeppsholmsgruppen.se\\\/fr\\\/author\\\/annapanna1978146790\\\/\"}]}<\/script>\n<!-- \/ Yoast SEO plugin. -->","yoast_head_json":{"title":"RENCONTRE AVEC L'\u00c9QUIPE : Malin Ljungblom, responsable des projets de vente pour les \u00e9v\u00e9nements sur le march\u00e9 priv\u00e9 - Skeppsholmsgruppen","robots":{"index":"index","follow":"follow","max-snippet":"max-snippet:-1","max-image-preview":"max-image-preview:large","max-video-preview":"max-video-preview:-1"},"canonical":"https:\/\/www.skeppsholmsgruppen.se\/fr\/rencontre-avec-lequipe-malin-ljungblom-responsable-des-projets-de-vente-pour-les-evenements-sur-le-marche-prive\/","og_locale":"fr_FR","og_type":"article","og_title":"RENCONTRE AVEC L'\u00c9QUIPE : Malin Ljungblom, responsable des projets de vente pour les \u00e9v\u00e9nements sur le march\u00e9 priv\u00e9 - Skeppsholmsgruppen","og_description":"Malin Ljungblom rejoint le groupe Skeppsholm avec une solide exp\u00e9rience de l&rsquo;industrie et une passion pour les exp\u00e9riences, la culture et la musique ! Nous sommes heureux d&rsquo;accueillir Malin Ljungblom en tant que nouvelle chef de projet chez Skeppsholmsgruppen. Forte d&rsquo;une solide exp\u00e9rience dans le secteur de l&rsquo;h\u00f4tellerie et d&rsquo;une passion pour la cr\u00e9ation d&rsquo;exp\u00e9riences [&hellip;]","og_url":"https:\/\/www.skeppsholmsgruppen.se\/fr\/rencontre-avec-lequipe-malin-ljungblom-responsable-des-projets-de-vente-pour-les-evenements-sur-le-marche-prive\/","og_site_name":"Skeppsholmsgruppen","article_published_time":"2025-01-07T11:38:28+00:00","og_image":[{"width":1080,"height":1080,"url":"https:\/\/www.skeppsholmsgruppen.se\/wp-content\/uploads\/2025\/01\/Instagram-Storty-Instagram-inlagg-Fyrkantig.jpg","type":"image\/jpeg"}],"author":"Anna","twitter_card":"summary_large_image","twitter_misc":{"\u00c9crit par":"Anna","Dur\u00e9e de lecture estim\u00e9e":"5 minutes"},"schema":{"@context":"https:\/\/schema.org","@graph":[{"@type":"Article","@id":"https:\/\/www.skeppsholmsgruppen.se\/fr\/rencontre-avec-lequipe-malin-ljungblom-responsable-des-projets-de-vente-pour-les-evenements-sur-le-marche-prive\/#article","isPartOf":{"@id":"https:\/\/www.skeppsholmsgruppen.se\/fr\/rencontre-avec-lequipe-malin-ljungblom-responsable-des-projets-de-vente-pour-les-evenements-sur-le-marche-prive\/"},"author":{"name":"Anna","@id":"https:\/\/skeppsholmsgruppen.se\/#\/schema\/person\/3c596cb46fb415382e5494d7f6e4c914"},"headline":"RENCONTRE AVEC L&rsquo;\u00c9QUIPE : Malin Ljungblom, responsable des projets de vente pour les \u00e9v\u00e9nements sur le march\u00e9 priv\u00e9","datePublished":"2025-01-07T11:38:28+00:00","mainEntityOfPage":{"@id":"https:\/\/www.skeppsholmsgruppen.se\/fr\/rencontre-avec-lequipe-malin-ljungblom-responsable-des-projets-de-vente-pour-les-evenements-sur-le-marche-prive\/"},"wordCount":1078,"commentCount":0,"publisher":{"@id":"https:\/\/skeppsholmsgruppen.se\/#organization"},"image":{"@id":"https:\/\/www.skeppsholmsgruppen.se\/fr\/rencontre-avec-lequipe-malin-ljungblom-responsable-des-projets-de-vente-pour-les-evenements-sur-le-marche-prive\/#primaryimage"},"thumbnailUrl":"https:\/\/www.skeppsholmsgruppen.se\/wp-content\/uploads\/2025\/01\/Instagram-Storty-Instagram-inlagg-Fyrkantig.jpg","articleSection":["Actualit\u00e9s"],"inLanguage":"fr-FR","potentialAction":[{"@type":"CommentAction","name":"Comment","target":["https:\/\/www.skeppsholmsgruppen.se\/fr\/rencontre-avec-lequipe-malin-ljungblom-responsable-des-projets-de-vente-pour-les-evenements-sur-le-marche-prive\/#respond"]}]},{"@type":"WebPage","@id":"https:\/\/www.skeppsholmsgruppen.se\/fr\/rencontre-avec-lequipe-malin-ljungblom-responsable-des-projets-de-vente-pour-les-evenements-sur-le-marche-prive\/","url":"https:\/\/www.skeppsholmsgruppen.se\/fr\/rencontre-avec-lequipe-malin-ljungblom-responsable-des-projets-de-vente-pour-les-evenements-sur-le-marche-prive\/","name":"RENCONTRE AVEC L'\u00c9QUIPE : Malin Ljungblom, responsable des projets de vente pour les \u00e9v\u00e9nements sur le march\u00e9 priv\u00e9 - Skeppsholmsgruppen","isPartOf":{"@id":"https:\/\/skeppsholmsgruppen.se\/#website"},"primaryImageOfPage":{"@id":"https:\/\/www.skeppsholmsgruppen.se\/fr\/rencontre-avec-lequipe-malin-ljungblom-responsable-des-projets-de-vente-pour-les-evenements-sur-le-marche-prive\/#primaryimage"},"image":{"@id":"https:\/\/www.skeppsholmsgruppen.se\/fr\/rencontre-avec-lequipe-malin-ljungblom-responsable-des-projets-de-vente-pour-les-evenements-sur-le-marche-prive\/#primaryimage"},"thumbnailUrl":"https:\/\/www.skeppsholmsgruppen.se\/wp-content\/uploads\/2025\/01\/Instagram-Storty-Instagram-inlagg-Fyrkantig.jpg","datePublished":"2025-01-07T11:38:28+00:00","breadcrumb":{"@id":"https:\/\/www.skeppsholmsgruppen.se\/fr\/rencontre-avec-lequipe-malin-ljungblom-responsable-des-projets-de-vente-pour-les-evenements-sur-le-marche-prive\/#breadcrumb"},"inLanguage":"fr-FR","potentialAction":[{"@type":"ReadAction","target":["https:\/\/www.skeppsholmsgruppen.se\/fr\/rencontre-avec-lequipe-malin-ljungblom-responsable-des-projets-de-vente-pour-les-evenements-sur-le-marche-prive\/"]}]},{"@type":"ImageObject","inLanguage":"fr-FR","@id":"https:\/\/www.skeppsholmsgruppen.se\/fr\/rencontre-avec-lequipe-malin-ljungblom-responsable-des-projets-de-vente-pour-les-evenements-sur-le-marche-prive\/#primaryimage","url":"https:\/\/www.skeppsholmsgruppen.se\/wp-content\/uploads\/2025\/01\/Instagram-Storty-Instagram-inlagg-Fyrkantig.jpg","contentUrl":"https:\/\/www.skeppsholmsgruppen.se\/wp-content\/uploads\/2025\/01\/Instagram-Storty-Instagram-inlagg-Fyrkantig.jpg","width":1080,"height":1080},{"@type":"BreadcrumbList","@id":"https:\/\/www.skeppsholmsgruppen.se\/fr\/rencontre-avec-lequipe-malin-ljungblom-responsable-des-projets-de-vente-pour-les-evenements-sur-le-marche-prive\/#breadcrumb","itemListElement":[{"@type":"ListItem","position":1,"name":"Hem","item":"https:\/\/www.skeppsholmsgruppen.se\/fr\/"},{"@type":"ListItem","position":2,"name":"RENCONTRE AVEC L&#8217;\u00c9QUIPE : Malin Ljungblom, responsable des projets de vente pour les \u00e9v\u00e9nements sur le march\u00e9 priv\u00e9"}]},{"@type":"WebSite","@id":"https:\/\/skeppsholmsgruppen.se\/#website","url":"https:\/\/skeppsholmsgruppen.se\/","name":"Skeppsholmsgruppen","description":"En historisk p\u00e4rla f\u00f6r konferens, event och fest bel\u00e4gen mitt i hj\u00e4rtat av Stockhom.","publisher":{"@id":"https:\/\/skeppsholmsgruppen.se\/#organization"},"potentialAction":[{"@type":"SearchAction","target":{"@type":"EntryPoint","urlTemplate":"https:\/\/skeppsholmsgruppen.se\/?s={search_term_string}"},"query-input":{"@type":"PropertyValueSpecification","valueRequired":true,"valueName":"search_term_string"}}],"inLanguage":"fr-FR"},{"@type":"Organization","@id":"https:\/\/skeppsholmsgruppen.se\/#organization","name":"Skeppsholmsgruppen","url":"https:\/\/skeppsholmsgruppen.se\/","logo":{"@type":"ImageObject","inLanguage":"fr-FR","@id":"https:\/\/skeppsholmsgruppen.se\/#\/schema\/logo\/image\/","url":"https:\/\/www.skeppsholmsgruppen.se\/wp-content\/uploads\/2024\/03\/SHG-icon-white-130.png","contentUrl":"https:\/\/www.skeppsholmsgruppen.se\/wp-content\/uploads\/2024\/03\/SHG-icon-white-130.png","width":130,"height":130,"caption":"Skeppsholmsgruppen"},"image":{"@id":"https:\/\/skeppsholmsgruppen.se\/#\/schema\/logo\/image\/"}},{"@type":"Person","@id":"https:\/\/skeppsholmsgruppen.se\/#\/schema\/person\/3c596cb46fb415382e5494d7f6e4c914","name":"Anna","image":{"@type":"ImageObject","inLanguage":"fr-FR","@id":"https:\/\/secure.gravatar.com\/avatar\/e30bc4ee9ef941b5f7ced6a5f66c284ab03347582074a11a423c71a74454b592?s=96&d=mm&r=g","url":"https:\/\/secure.gravatar.com\/avatar\/e30bc4ee9ef941b5f7ced6a5f66c284ab03347582074a11a423c71a74454b592?s=96&d=mm&r=g","contentUrl":"https:\/\/secure.gravatar.com\/avatar\/e30bc4ee9ef941b5f7ced6a5f66c284ab03347582074a11a423c71a74454b592?s=96&d=mm&r=g","caption":"Anna"},"url":"https:\/\/www.skeppsholmsgruppen.se\/fr\/author\/annapanna1978146790\/"}]}},"_links":{"self":[{"href":"https:\/\/www.skeppsholmsgruppen.se\/fr\/wp-json\/wp\/v2\/posts\/17597","targetHints":{"allow":["GET"]}}],"collection":[{"href":"https:\/\/www.skeppsholmsgruppen.se\/fr\/wp-json\/wp\/v2\/posts"}],"about":[{"href":"https:\/\/www.skeppsholmsgruppen.se\/fr\/wp-json\/wp\/v2\/types\/post"}],"author":[{"embeddable":true,"href":"https:\/\/www.skeppsholmsgruppen.se\/fr\/wp-json\/wp\/v2\/users\/247968714"}],"replies":[{"embeddable":true,"href":"https:\/\/www.skeppsholmsgruppen.se\/fr\/wp-json\/wp\/v2\/comments?post=17597"}],"version-history":[{"count":0,"href":"https:\/\/www.skeppsholmsgruppen.se\/fr\/wp-json\/wp\/v2\/posts\/17597\/revisions"}],"wp:featuredmedia":[{"embeddable":true,"href":"https:\/\/www.skeppsholmsgruppen.se\/fr\/wp-json\/wp\/v2\/media\/16050"}],"wp:attachment":[{"href":"https:\/\/www.skeppsholmsgruppen.se\/fr\/wp-json\/wp\/v2\/media?parent=17597"}],"wp:term":[{"taxonomy":"category","embeddable":true,"href":"https:\/\/www.skeppsholmsgruppen.se\/fr\/wp-json\/wp\/v2\/categories?post=17597"},{"taxonomy":"post_tag","embeddable":true,"href":"https:\/\/www.skeppsholmsgruppen.se\/fr\/wp-json\/wp\/v2\/tags?post=17597"}],"curies":[{"name":"wp","href":"https:\/\/api.w.org\/{rel}","templated":true}]}}