{"id":19521,"date":"2025-03-24T12:23:19","date_gmt":"2025-03-24T11:23:19","guid":{"rendered":"https:\/\/www.skeppsholmsgruppen.se\/dignite-beaute-et-centralite-funerailles-et-services-commemoratifs-a-skeppsholmen\/"},"modified":"2025-09-29T12:54:36","modified_gmt":"2025-09-29T10:54:36","slug":"dignite-beaute-et-centralite-funerailles-et-services-commemoratifs-a-skeppsholmen","status":"publish","type":"post","link":"https:\/\/www.skeppsholmsgruppen.se\/fr\/dignite-beaute-et-centralite-funerailles-et-services-commemoratifs-a-skeppsholmen\/","title":{"rendered":"Dignit\u00e9, beaut\u00e9 et centralit\u00e9 &#8211; Fun\u00e9railles et services comm\u00e9moratifs \u00e0 Skeppsholmen"},"content":{"rendered":"\n<p>Dire au revoir \u00e0 un \u00eatre cher est l&rsquo;un des moments les plus \u00e9mouvants de la vie. Skeppsholmen offre un lieu o\u00f9 les souvenirs peuvent \u00eatre honor\u00e9s dans un cadre digne et magnifique, un lieu qui renforce la pr\u00e9sence et l&rsquo;\u00e9motion d&rsquo;un adieu. <\/p>\n\n<p><strong>Eric Ericsonhallen &#8211; Un lieu atmosph\u00e9rique pour faire ses adieux<\/strong><\/p>\n\n<p>Le Eric Ericson Hall, situ\u00e9 sur une colline au milieu de Skeppsholmen, est un lieu caract\u00e9ris\u00e9 par la tranquillit\u00e9 et la beaut\u00e9. Vous pouvez y organiser des c\u00e9r\u00e9monies religieuses et civiles, dans une atmosph\u00e8re qui inspire le calme et la r\u00e9flexion. Avec sa grande luminosit\u00e9 et son \u00e9l\u00e9gance architecturale, il cr\u00e9e un environnement qui rend les adieux m\u00e9morables.  <\/p>\n\n<p><strong>Espace pour les petites et grandes f\u00eates<\/strong><\/p>\n\n<p>Que vous souhaitiez organiser une c\u00e9r\u00e9monie intime ou un service comm\u00e9moratif plus important, la salle Eric Ericson offre une grande flexibilit\u00e9. \u00c9quip\u00e9e d&rsquo;un piano \u00e0 queue et d&rsquo;un orgue, la salle peut accueillir des groupes de 20 \u00e0 400 personnes. Il est possible de tenir la c\u00e9r\u00e9monie et de rester pour un service comm\u00e9moratif, o\u00f9 les invit\u00e9s peuvent se rassembler pour partager des souvenirs et se soutenir mutuellement.  <\/p>\n\n<p><strong>Diff\u00e9rentes options pour diff\u00e9rents besoins<\/strong><\/p>\n\n<p>Pour les groupes plus restreints, il est \u00e9galement possible d&rsquo;organiser des services comm\u00e9moratifs dans d&rsquo;autres locaux de Skeppsholmen. Qu&rsquo;il s&rsquo;agisse d&rsquo;une pause-caf\u00e9 tranquille ou d&rsquo;un \u00e9v\u00e9nement formel, nous veillons \u00e0 ce que vous disposiez d&rsquo;un lieu adapt\u00e9 \u00e0 vos besoins et \u00e0 vos souhaits. Nous vous aidons dans tous les domaines, de la planification \u00e0 la mise en \u0153uvre, en passant par la restauration.    <\/p>\n\n<p><strong>Accessible et central<\/strong><\/p>\n\n<p>Skeppsholmen, situ\u00e9 dans le centre de Stockholm, offre non seulement un cadre pittoresque, mais aussi une bonne accessibilit\u00e9 pour les visiteurs venant de diff\u00e9rentes parties de la ville ou du pays.  <\/p>\n\n<p><strong>Contactez-nous pour un devis<\/strong><\/p>\n\n<p>Nous comprenons que l&rsquo;organisation d&rsquo;un enterrement ou d&rsquo;un service comm\u00e9moratif peut sembler insurmontable. C&rsquo;est pourquoi nous sommes l\u00e0 pour vous aider et cr\u00e9er un moment magnifique et m\u00e9morable pour vous et vos proches. N&rsquo;h\u00e9sitez pas \u00e0 nous contacter pour un devis ou pour discuter de vos souhaits, nous sommes l\u00e0 pour rendre vos adieux aussi beaux et dignes que possible.  <\/p>\n\n<p class=\"has-medium-font-size\"><a href=\"https:\/\/www.skeppsholmsgruppen.se\/fr\/services-personnalises\/service-commemoratif-et-funerailles\/\"><strong>En savoir plus et nous contacter<\/strong><\/a><\/p>\n\n<p><\/p>\n","protected":false},"excerpt":{"rendered":"<p>Dire au revoir \u00e0 un \u00eatre cher est l&rsquo;un des moments les plus \u00e9mouvants de la vie. Skeppsholmen offre un lieu o\u00f9 les souvenirs peuvent \u00eatre honor\u00e9s dans un cadre digne et magnifique, un lieu qui renforce la pr\u00e9sence et l&rsquo;\u00e9motion d&rsquo;un adieu. Eric Ericsonhallen &#8211; Un lieu atmosph\u00e9rique pour faire ses adieux Le Eric [&hellip;]<\/p>\n","protected":false},"author":247968714,"featured_media":19111,"comment_status":"open","ping_status":"open","sticky":false,"template":"","format":"standard","meta":{"_acf_changed":false,"footnotes":""},"categories":[1372373],"tags":[],"class_list":["post-19521","post","type-post","status-publish","format-standard","has-post-thumbnail","hentry","category-actualites"],"acf":[],"yoast_head":"<!-- This site is optimized with the Yoast SEO plugin v27.5 - https:\/\/yoast.com\/product\/yoast-seo-wordpress\/ -->\n<title>Dignit\u00e9, beaut\u00e9 et centralit\u00e9 - Fun\u00e9railles et services comm\u00e9moratifs \u00e0 Skeppsholmen - Skeppsholmsgruppen<\/title>\n<meta name=\"robots\" content=\"index, follow, max-snippet:-1, max-image-preview:large, max-video-preview:-1\" \/>\n<link rel=\"canonical\" href=\"https:\/\/www.skeppsholmsgruppen.se\/fr\/dignite-beaute-et-centralite-funerailles-et-services-commemoratifs-a-skeppsholmen\/\" \/>\n<meta property=\"og:locale\" content=\"fr_FR\" \/>\n<meta property=\"og:type\" content=\"article\" \/>\n<meta property=\"og:title\" content=\"Dignit\u00e9, beaut\u00e9 et centralit\u00e9 - Fun\u00e9railles et services comm\u00e9moratifs \u00e0 Skeppsholmen - Skeppsholmsgruppen\" \/>\n<meta property=\"og:description\" content=\"Dire au revoir \u00e0 un \u00eatre cher est l&rsquo;un des moments les plus \u00e9mouvants de la vie. Skeppsholmen offre un lieu o\u00f9 les souvenirs peuvent \u00eatre honor\u00e9s dans un cadre digne et magnifique, un lieu qui renforce la pr\u00e9sence et l&rsquo;\u00e9motion d&rsquo;un adieu. Eric Ericsonhallen &#8211; Un lieu atmosph\u00e9rique pour faire ses adieux Le Eric [&hellip;]\" \/>\n<meta property=\"og:url\" content=\"https:\/\/www.skeppsholmsgruppen.se\/fr\/dignite-beaute-et-centralite-funerailles-et-services-commemoratifs-a-skeppsholmen\/\" \/>\n<meta property=\"og:site_name\" content=\"Skeppsholmsgruppen\" \/>\n<meta property=\"article:published_time\" content=\"2025-03-24T11:23:19+00:00\" \/>\n<meta property=\"article:modified_time\" content=\"2025-09-29T10:54:36+00:00\" \/>\n<meta property=\"og:image\" content=\"https:\/\/www.skeppsholmsgruppen.se\/wp-content\/uploads\/2025\/03\/Skarmavbild-2025-03-24-kl.-12.08.03.png\" \/>\n\t<meta property=\"og:image:width\" content=\"1422\" \/>\n\t<meta property=\"og:image:height\" content=\"796\" \/>\n\t<meta property=\"og:image:type\" content=\"image\/png\" \/>\n<meta name=\"author\" content=\"Anna\" \/>\n<meta name=\"twitter:card\" content=\"summary_large_image\" \/>\n<meta name=\"twitter:label1\" content=\"\u00c9crit par\" \/>\n\t<meta name=\"twitter:data1\" content=\"Anna\" \/>\n\t<meta name=\"twitter:label2\" content=\"Dur\u00e9e de lecture estim\u00e9e\" \/>\n\t<meta name=\"twitter:data2\" content=\"2 minutes\" \/>\n<script type=\"application\/ld+json\" class=\"yoast-schema-graph\">{\"@context\":\"https:\\\/\\\/schema.org\",\"@graph\":[{\"@type\":\"Article\",\"@id\":\"https:\\\/\\\/www.skeppsholmsgruppen.se\\\/fr\\\/dignite-beaute-et-centralite-funerailles-et-services-commemoratifs-a-skeppsholmen\\\/#article\",\"isPartOf\":{\"@id\":\"https:\\\/\\\/www.skeppsholmsgruppen.se\\\/fr\\\/dignite-beaute-et-centralite-funerailles-et-services-commemoratifs-a-skeppsholmen\\\/\"},\"author\":{\"name\":\"Anna\",\"@id\":\"https:\\\/\\\/skeppsholmsgruppen.se\\\/#\\\/schema\\\/person\\\/3c596cb46fb415382e5494d7f6e4c914\"},\"headline\":\"Dignit\u00e9, beaut\u00e9 et centralit\u00e9 &#8211; Fun\u00e9railles et services comm\u00e9moratifs \u00e0 Skeppsholmen\",\"datePublished\":\"2025-03-24T11:23:19+00:00\",\"dateModified\":\"2025-09-29T10:54:36+00:00\",\"mainEntityOfPage\":{\"@id\":\"https:\\\/\\\/www.skeppsholmsgruppen.se\\\/fr\\\/dignite-beaute-et-centralite-funerailles-et-services-commemoratifs-a-skeppsholmen\\\/\"},\"wordCount\":407,\"commentCount\":0,\"publisher\":{\"@id\":\"https:\\\/\\\/skeppsholmsgruppen.se\\\/#organization\"},\"image\":{\"@id\":\"https:\\\/\\\/www.skeppsholmsgruppen.se\\\/fr\\\/dignite-beaute-et-centralite-funerailles-et-services-commemoratifs-a-skeppsholmen\\\/#primaryimage\"},\"thumbnailUrl\":\"https:\\\/\\\/www.skeppsholmsgruppen.se\\\/wp-content\\\/uploads\\\/2025\\\/03\\\/Skarmavbild-2025-03-24-kl.-12.08.03.png\",\"articleSection\":[\"Actualit\u00e9s\"],\"inLanguage\":\"fr-FR\",\"potentialAction\":[{\"@type\":\"CommentAction\",\"name\":\"Comment\",\"target\":[\"https:\\\/\\\/www.skeppsholmsgruppen.se\\\/fr\\\/dignite-beaute-et-centralite-funerailles-et-services-commemoratifs-a-skeppsholmen\\\/#respond\"]}]},{\"@type\":\"WebPage\",\"@id\":\"https:\\\/\\\/www.skeppsholmsgruppen.se\\\/fr\\\/dignite-beaute-et-centralite-funerailles-et-services-commemoratifs-a-skeppsholmen\\\/\",\"url\":\"https:\\\/\\\/www.skeppsholmsgruppen.se\\\/fr\\\/dignite-beaute-et-centralite-funerailles-et-services-commemoratifs-a-skeppsholmen\\\/\",\"name\":\"Dignit\u00e9, beaut\u00e9 et centralit\u00e9 - Fun\u00e9railles et services comm\u00e9moratifs \u00e0 Skeppsholmen - Skeppsholmsgruppen\",\"isPartOf\":{\"@id\":\"https:\\\/\\\/skeppsholmsgruppen.se\\\/#website\"},\"primaryImageOfPage\":{\"@id\":\"https:\\\/\\\/www.skeppsholmsgruppen.se\\\/fr\\\/dignite-beaute-et-centralite-funerailles-et-services-commemoratifs-a-skeppsholmen\\\/#primaryimage\"},\"image\":{\"@id\":\"https:\\\/\\\/www.skeppsholmsgruppen.se\\\/fr\\\/dignite-beaute-et-centralite-funerailles-et-services-commemoratifs-a-skeppsholmen\\\/#primaryimage\"},\"thumbnailUrl\":\"https:\\\/\\\/www.skeppsholmsgruppen.se\\\/wp-content\\\/uploads\\\/2025\\\/03\\\/Skarmavbild-2025-03-24-kl.-12.08.03.png\",\"datePublished\":\"2025-03-24T11:23:19+00:00\",\"dateModified\":\"2025-09-29T10:54:36+00:00\",\"breadcrumb\":{\"@id\":\"https:\\\/\\\/www.skeppsholmsgruppen.se\\\/fr\\\/dignite-beaute-et-centralite-funerailles-et-services-commemoratifs-a-skeppsholmen\\\/#breadcrumb\"},\"inLanguage\":\"fr-FR\",\"potentialAction\":[{\"@type\":\"ReadAction\",\"target\":[\"https:\\\/\\\/www.skeppsholmsgruppen.se\\\/fr\\\/dignite-beaute-et-centralite-funerailles-et-services-commemoratifs-a-skeppsholmen\\\/\"]}]},{\"@type\":\"ImageObject\",\"inLanguage\":\"fr-FR\",\"@id\":\"https:\\\/\\\/www.skeppsholmsgruppen.se\\\/fr\\\/dignite-beaute-et-centralite-funerailles-et-services-commemoratifs-a-skeppsholmen\\\/#primaryimage\",\"url\":\"https:\\\/\\\/www.skeppsholmsgruppen.se\\\/wp-content\\\/uploads\\\/2025\\\/03\\\/Skarmavbild-2025-03-24-kl.-12.08.03.png\",\"contentUrl\":\"https:\\\/\\\/www.skeppsholmsgruppen.se\\\/wp-content\\\/uploads\\\/2025\\\/03\\\/Skarmavbild-2025-03-24-kl.-12.08.03.png\",\"width\":1422,\"height\":796},{\"@type\":\"BreadcrumbList\",\"@id\":\"https:\\\/\\\/www.skeppsholmsgruppen.se\\\/fr\\\/dignite-beaute-et-centralite-funerailles-et-services-commemoratifs-a-skeppsholmen\\\/#breadcrumb\",\"itemListElement\":[{\"@type\":\"ListItem\",\"position\":1,\"name\":\"Hem\",\"item\":\"https:\\\/\\\/www.skeppsholmsgruppen.se\\\/fr\\\/\"},{\"@type\":\"ListItem\",\"position\":2,\"name\":\"Dignit\u00e9, beaut\u00e9 et centralit\u00e9 &#8211; Fun\u00e9railles et services comm\u00e9moratifs \u00e0 Skeppsholmen\"}]},{\"@type\":\"WebSite\",\"@id\":\"https:\\\/\\\/skeppsholmsgruppen.se\\\/#website\",\"url\":\"https:\\\/\\\/skeppsholmsgruppen.se\\\/\",\"name\":\"Skeppsholmsgruppen\",\"description\":\"En historisk p\u00e4rla f\u00f6r konferens, event och fest bel\u00e4gen mitt i hj\u00e4rtat av Stockhom.\",\"publisher\":{\"@id\":\"https:\\\/\\\/skeppsholmsgruppen.se\\\/#organization\"},\"potentialAction\":[{\"@type\":\"SearchAction\",\"target\":{\"@type\":\"EntryPoint\",\"urlTemplate\":\"https:\\\/\\\/skeppsholmsgruppen.se\\\/?s={search_term_string}\"},\"query-input\":{\"@type\":\"PropertyValueSpecification\",\"valueRequired\":true,\"valueName\":\"search_term_string\"}}],\"inLanguage\":\"fr-FR\"},{\"@type\":\"Organization\",\"@id\":\"https:\\\/\\\/skeppsholmsgruppen.se\\\/#organization\",\"name\":\"Skeppsholmsgruppen\",\"url\":\"https:\\\/\\\/skeppsholmsgruppen.se\\\/\",\"logo\":{\"@type\":\"ImageObject\",\"inLanguage\":\"fr-FR\",\"@id\":\"https:\\\/\\\/skeppsholmsgruppen.se\\\/#\\\/schema\\\/logo\\\/image\\\/\",\"url\":\"https:\\\/\\\/www.skeppsholmsgruppen.se\\\/wp-content\\\/uploads\\\/2024\\\/03\\\/SHG-icon-white-130.png\",\"contentUrl\":\"https:\\\/\\\/www.skeppsholmsgruppen.se\\\/wp-content\\\/uploads\\\/2024\\\/03\\\/SHG-icon-white-130.png\",\"width\":130,\"height\":130,\"caption\":\"Skeppsholmsgruppen\"},\"image\":{\"@id\":\"https:\\\/\\\/skeppsholmsgruppen.se\\\/#\\\/schema\\\/logo\\\/image\\\/\"}},{\"@type\":\"Person\",\"@id\":\"https:\\\/\\\/skeppsholmsgruppen.se\\\/#\\\/schema\\\/person\\\/3c596cb46fb415382e5494d7f6e4c914\",\"name\":\"Anna\",\"image\":{\"@type\":\"ImageObject\",\"inLanguage\":\"fr-FR\",\"@id\":\"https:\\\/\\\/secure.gravatar.com\\\/avatar\\\/e30bc4ee9ef941b5f7ced6a5f66c284ab03347582074a11a423c71a74454b592?s=96&d=mm&r=g\",\"url\":\"https:\\\/\\\/secure.gravatar.com\\\/avatar\\\/e30bc4ee9ef941b5f7ced6a5f66c284ab03347582074a11a423c71a74454b592?s=96&d=mm&r=g\",\"contentUrl\":\"https:\\\/\\\/secure.gravatar.com\\\/avatar\\\/e30bc4ee9ef941b5f7ced6a5f66c284ab03347582074a11a423c71a74454b592?s=96&d=mm&r=g\",\"caption\":\"Anna\"},\"url\":\"https:\\\/\\\/www.skeppsholmsgruppen.se\\\/fr\\\/author\\\/annapanna1978146790\\\/\"}]}<\/script>\n<!-- \/ Yoast SEO plugin. -->","yoast_head_json":{"title":"Dignit\u00e9, beaut\u00e9 et centralit\u00e9 - Fun\u00e9railles et services comm\u00e9moratifs \u00e0 Skeppsholmen - Skeppsholmsgruppen","robots":{"index":"index","follow":"follow","max-snippet":"max-snippet:-1","max-image-preview":"max-image-preview:large","max-video-preview":"max-video-preview:-1"},"canonical":"https:\/\/www.skeppsholmsgruppen.se\/fr\/dignite-beaute-et-centralite-funerailles-et-services-commemoratifs-a-skeppsholmen\/","og_locale":"fr_FR","og_type":"article","og_title":"Dignit\u00e9, beaut\u00e9 et centralit\u00e9 - Fun\u00e9railles et services comm\u00e9moratifs \u00e0 Skeppsholmen - Skeppsholmsgruppen","og_description":"Dire au revoir \u00e0 un \u00eatre cher est l&rsquo;un des moments les plus \u00e9mouvants de la vie. Skeppsholmen offre un lieu o\u00f9 les souvenirs peuvent \u00eatre honor\u00e9s dans un cadre digne et magnifique, un lieu qui renforce la pr\u00e9sence et l&rsquo;\u00e9motion d&rsquo;un adieu. Eric Ericsonhallen &#8211; Un lieu atmosph\u00e9rique pour faire ses adieux Le Eric [&hellip;]","og_url":"https:\/\/www.skeppsholmsgruppen.se\/fr\/dignite-beaute-et-centralite-funerailles-et-services-commemoratifs-a-skeppsholmen\/","og_site_name":"Skeppsholmsgruppen","article_published_time":"2025-03-24T11:23:19+00:00","article_modified_time":"2025-09-29T10:54:36+00:00","og_image":[{"width":1422,"height":796,"url":"https:\/\/www.skeppsholmsgruppen.se\/wp-content\/uploads\/2025\/03\/Skarmavbild-2025-03-24-kl.-12.08.03.png","type":"image\/png"}],"author":"Anna","twitter_card":"summary_large_image","twitter_misc":{"\u00c9crit par":"Anna","Dur\u00e9e de lecture estim\u00e9e":"2 minutes"},"schema":{"@context":"https:\/\/schema.org","@graph":[{"@type":"Article","@id":"https:\/\/www.skeppsholmsgruppen.se\/fr\/dignite-beaute-et-centralite-funerailles-et-services-commemoratifs-a-skeppsholmen\/#article","isPartOf":{"@id":"https:\/\/www.skeppsholmsgruppen.se\/fr\/dignite-beaute-et-centralite-funerailles-et-services-commemoratifs-a-skeppsholmen\/"},"author":{"name":"Anna","@id":"https:\/\/skeppsholmsgruppen.se\/#\/schema\/person\/3c596cb46fb415382e5494d7f6e4c914"},"headline":"Dignit\u00e9, beaut\u00e9 et centralit\u00e9 &#8211; Fun\u00e9railles et services comm\u00e9moratifs \u00e0 Skeppsholmen","datePublished":"2025-03-24T11:23:19+00:00","dateModified":"2025-09-29T10:54:36+00:00","mainEntityOfPage":{"@id":"https:\/\/www.skeppsholmsgruppen.se\/fr\/dignite-beaute-et-centralite-funerailles-et-services-commemoratifs-a-skeppsholmen\/"},"wordCount":407,"commentCount":0,"publisher":{"@id":"https:\/\/skeppsholmsgruppen.se\/#organization"},"image":{"@id":"https:\/\/www.skeppsholmsgruppen.se\/fr\/dignite-beaute-et-centralite-funerailles-et-services-commemoratifs-a-skeppsholmen\/#primaryimage"},"thumbnailUrl":"https:\/\/www.skeppsholmsgruppen.se\/wp-content\/uploads\/2025\/03\/Skarmavbild-2025-03-24-kl.-12.08.03.png","articleSection":["Actualit\u00e9s"],"inLanguage":"fr-FR","potentialAction":[{"@type":"CommentAction","name":"Comment","target":["https:\/\/www.skeppsholmsgruppen.se\/fr\/dignite-beaute-et-centralite-funerailles-et-services-commemoratifs-a-skeppsholmen\/#respond"]}]},{"@type":"WebPage","@id":"https:\/\/www.skeppsholmsgruppen.se\/fr\/dignite-beaute-et-centralite-funerailles-et-services-commemoratifs-a-skeppsholmen\/","url":"https:\/\/www.skeppsholmsgruppen.se\/fr\/dignite-beaute-et-centralite-funerailles-et-services-commemoratifs-a-skeppsholmen\/","name":"Dignit\u00e9, beaut\u00e9 et centralit\u00e9 - Fun\u00e9railles et services comm\u00e9moratifs \u00e0 Skeppsholmen - Skeppsholmsgruppen","isPartOf":{"@id":"https:\/\/skeppsholmsgruppen.se\/#website"},"primaryImageOfPage":{"@id":"https:\/\/www.skeppsholmsgruppen.se\/fr\/dignite-beaute-et-centralite-funerailles-et-services-commemoratifs-a-skeppsholmen\/#primaryimage"},"image":{"@id":"https:\/\/www.skeppsholmsgruppen.se\/fr\/dignite-beaute-et-centralite-funerailles-et-services-commemoratifs-a-skeppsholmen\/#primaryimage"},"thumbnailUrl":"https:\/\/www.skeppsholmsgruppen.se\/wp-content\/uploads\/2025\/03\/Skarmavbild-2025-03-24-kl.-12.08.03.png","datePublished":"2025-03-24T11:23:19+00:00","dateModified":"2025-09-29T10:54:36+00:00","breadcrumb":{"@id":"https:\/\/www.skeppsholmsgruppen.se\/fr\/dignite-beaute-et-centralite-funerailles-et-services-commemoratifs-a-skeppsholmen\/#breadcrumb"},"inLanguage":"fr-FR","potentialAction":[{"@type":"ReadAction","target":["https:\/\/www.skeppsholmsgruppen.se\/fr\/dignite-beaute-et-centralite-funerailles-et-services-commemoratifs-a-skeppsholmen\/"]}]},{"@type":"ImageObject","inLanguage":"fr-FR","@id":"https:\/\/www.skeppsholmsgruppen.se\/fr\/dignite-beaute-et-centralite-funerailles-et-services-commemoratifs-a-skeppsholmen\/#primaryimage","url":"https:\/\/www.skeppsholmsgruppen.se\/wp-content\/uploads\/2025\/03\/Skarmavbild-2025-03-24-kl.-12.08.03.png","contentUrl":"https:\/\/www.skeppsholmsgruppen.se\/wp-content\/uploads\/2025\/03\/Skarmavbild-2025-03-24-kl.-12.08.03.png","width":1422,"height":796},{"@type":"BreadcrumbList","@id":"https:\/\/www.skeppsholmsgruppen.se\/fr\/dignite-beaute-et-centralite-funerailles-et-services-commemoratifs-a-skeppsholmen\/#breadcrumb","itemListElement":[{"@type":"ListItem","position":1,"name":"Hem","item":"https:\/\/www.skeppsholmsgruppen.se\/fr\/"},{"@type":"ListItem","position":2,"name":"Dignit\u00e9, beaut\u00e9 et centralit\u00e9 &#8211; Fun\u00e9railles et services comm\u00e9moratifs \u00e0 Skeppsholmen"}]},{"@type":"WebSite","@id":"https:\/\/skeppsholmsgruppen.se\/#website","url":"https:\/\/skeppsholmsgruppen.se\/","name":"Skeppsholmsgruppen","description":"En historisk p\u00e4rla f\u00f6r konferens, event och fest bel\u00e4gen mitt i hj\u00e4rtat av Stockhom.","publisher":{"@id":"https:\/\/skeppsholmsgruppen.se\/#organization"},"potentialAction":[{"@type":"SearchAction","target":{"@type":"EntryPoint","urlTemplate":"https:\/\/skeppsholmsgruppen.se\/?s={search_term_string}"},"query-input":{"@type":"PropertyValueSpecification","valueRequired":true,"valueName":"search_term_string"}}],"inLanguage":"fr-FR"},{"@type":"Organization","@id":"https:\/\/skeppsholmsgruppen.se\/#organization","name":"Skeppsholmsgruppen","url":"https:\/\/skeppsholmsgruppen.se\/","logo":{"@type":"ImageObject","inLanguage":"fr-FR","@id":"https:\/\/skeppsholmsgruppen.se\/#\/schema\/logo\/image\/","url":"https:\/\/www.skeppsholmsgruppen.se\/wp-content\/uploads\/2024\/03\/SHG-icon-white-130.png","contentUrl":"https:\/\/www.skeppsholmsgruppen.se\/wp-content\/uploads\/2024\/03\/SHG-icon-white-130.png","width":130,"height":130,"caption":"Skeppsholmsgruppen"},"image":{"@id":"https:\/\/skeppsholmsgruppen.se\/#\/schema\/logo\/image\/"}},{"@type":"Person","@id":"https:\/\/skeppsholmsgruppen.se\/#\/schema\/person\/3c596cb46fb415382e5494d7f6e4c914","name":"Anna","image":{"@type":"ImageObject","inLanguage":"fr-FR","@id":"https:\/\/secure.gravatar.com\/avatar\/e30bc4ee9ef941b5f7ced6a5f66c284ab03347582074a11a423c71a74454b592?s=96&d=mm&r=g","url":"https:\/\/secure.gravatar.com\/avatar\/e30bc4ee9ef941b5f7ced6a5f66c284ab03347582074a11a423c71a74454b592?s=96&d=mm&r=g","contentUrl":"https:\/\/secure.gravatar.com\/avatar\/e30bc4ee9ef941b5f7ced6a5f66c284ab03347582074a11a423c71a74454b592?s=96&d=mm&r=g","caption":"Anna"},"url":"https:\/\/www.skeppsholmsgruppen.se\/fr\/author\/annapanna1978146790\/"}]}},"_links":{"self":[{"href":"https:\/\/www.skeppsholmsgruppen.se\/fr\/wp-json\/wp\/v2\/posts\/19521","targetHints":{"allow":["GET"]}}],"collection":[{"href":"https:\/\/www.skeppsholmsgruppen.se\/fr\/wp-json\/wp\/v2\/posts"}],"about":[{"href":"https:\/\/www.skeppsholmsgruppen.se\/fr\/wp-json\/wp\/v2\/types\/post"}],"author":[{"embeddable":true,"href":"https:\/\/www.skeppsholmsgruppen.se\/fr\/wp-json\/wp\/v2\/users\/247968714"}],"replies":[{"embeddable":true,"href":"https:\/\/www.skeppsholmsgruppen.se\/fr\/wp-json\/wp\/v2\/comments?post=19521"}],"version-history":[{"count":1,"href":"https:\/\/www.skeppsholmsgruppen.se\/fr\/wp-json\/wp\/v2\/posts\/19521\/revisions"}],"predecessor-version":[{"id":19523,"href":"https:\/\/www.skeppsholmsgruppen.se\/fr\/wp-json\/wp\/v2\/posts\/19521\/revisions\/19523"}],"wp:featuredmedia":[{"embeddable":true,"href":"https:\/\/www.skeppsholmsgruppen.se\/fr\/wp-json\/wp\/v2\/media\/19111"}],"wp:attachment":[{"href":"https:\/\/www.skeppsholmsgruppen.se\/fr\/wp-json\/wp\/v2\/media?parent=19521"}],"wp:term":[{"taxonomy":"category","embeddable":true,"href":"https:\/\/www.skeppsholmsgruppen.se\/fr\/wp-json\/wp\/v2\/categories?post=19521"},{"taxonomy":"post_tag","embeddable":true,"href":"https:\/\/www.skeppsholmsgruppen.se\/fr\/wp-json\/wp\/v2\/tags?post=19521"}],"curies":[{"name":"wp","href":"https:\/\/api.w.org\/{rel}","templated":true}]}}