{"id":7400,"date":"2023-12-11T16:27:40","date_gmt":"2023-12-11T15:27:40","guid":{"rendered":"https:\/\/www.skeppsholmsgruppen.se\/2023\/12\/11\/fetes-dentreprise-au-moderna-museet\/"},"modified":"2025-04-28T11:10:08","modified_gmt":"2025-04-28T09:10:08","slug":"fetes-dentreprise-au-moderna-museet","status":"publish","type":"post","link":"https:\/\/www.skeppsholmsgruppen.se\/fr\/fetes-dentreprise-au-moderna-museet\/","title":{"rendered":"F\u00eates d&rsquo;entreprise au Moderna Museet"},"content":{"rendered":"\n<h1 class=\"wp-block-heading\">Des \u00e9v\u00e9nements d&rsquo;entreprise exceptionnels au Moderna Museet dans un cadre grandiose<\/h1>\n\n<p id=\"viewer-feal\"><strong>Bienvenue au restaurant et \u00e0 la salle de banquet du Moderna Museet &#8211; un lieu o\u00f9 les \u00e9v\u00e9nements d&rsquo;entreprise deviennent des exp\u00e9riences dont vos employ\u00e9s se souviendront. Situ\u00e9 dans le centre de Skeppsholmen, entour\u00e9 d&rsquo;un charme historique et de vues spectaculaires, c&rsquo;est l&rsquo;endroit id\u00e9al pour cr\u00e9er des moments inoubliables. <\/strong><\/p>\n\n<p id=\"viewer-9ebr5\">Le restaurant et la salle de banquet b\u00e9n\u00e9ficient d&rsquo;un cadre grandiose, avec vue sur les vieux bateaux de Skeppsholmen \u00e0 quai et, au-del\u00e0 de l&rsquo;eau, sur les majestueux Strandv\u00e4gen et Djurg\u00e5rden. Quelle que soit la saison ou l&rsquo;heure de la journ\u00e9e, ce lieu offre une atmosph\u00e8re vivante et inspirante qui donnera \u00e0 votre \u00e9v\u00e9nement un caract\u00e8re unique. Nous organisons tout, des f\u00eates et d\u00eeners d&rsquo;entreprise aux mariages et aux rencontres \u00e9l\u00e9gantes.  <\/p>\n\n<p id=\"viewer-17r81\"><strong>Exp\u00e9rience personnalis\u00e9e :<\/strong><\/p>\n\n<p id=\"viewer-1ffac\">Nous comprenons l&rsquo;importance de cr\u00e9er des \u00e9v\u00e9nements personnalis\u00e9s qui refl\u00e8tent votre vision. Notre \u00e9quipe travaille en \u00e9troite collaboration avec vous pour fa\u00e7onner et concevoir les diff\u00e9rentes salles du mus\u00e9e en fonction de vos besoins et de vos souhaits sp\u00e9cifiques. Avec la flexibilit\u00e9 comme principe directeur, nous cr\u00e9ons le cadre parfait pour que votre f\u00eate d&rsquo;entreprise soit telle que vous l&rsquo;avez imagin\u00e9e.  <\/p>\n\n<figure class=\"wp-block-image\"><img decoding=\"async\" data-src=\"https:\/\/static.wixstatic.com\/media\/a6d9f7_9b2cab9c811c41278216b5c7dfa4db57~mv2.jpg\/v1\/fill\/w_1156,h_770,al_c,q_85,usm_0.66_1.00_0.01,enc_auto\/a6d9f7_9b2cab9c811c41278216b5c7dfa4db57~mv2.jpg\" alt=\"\" src=\"data:image\/svg+xml;base64,PHN2ZyB3aWR0aD0iMSIgaGVpZ2h0PSIxIiB4bWxucz0iaHR0cDovL3d3dy53My5vcmcvMjAwMC9zdmciPjwvc3ZnPg==\" class=\"lazyload\" \/><\/figure>\n\n<p id=\"viewer-b1c69\"><strong>Sanctions alimentaires :<\/strong><\/p>\n\n<p id=\"viewer-18fcf\">L&rsquo;exp\u00e9rience gastronomique est importante. Nous pla\u00e7ons la durabilit\u00e9, la cr\u00e9ativit\u00e9, l&rsquo;innovation et le go\u00fbt au centre de chaque plat. <\/p>\n\n<p id=\"viewer-r2vn\"><strong>Opportunit\u00e9s et capacit\u00e9s :<\/strong><\/p>\n\n<p id=\"viewer-9rkd4\">Des d\u00eeners pour 300 personnes et des rencontres pour 1400 personnes peuvent \u00eatre facilement organis\u00e9s dans le restaurant et le foyer spacieux.<\/p>\n\n<p><a href=\"https:\/\/www.www.skeppsholmsgruppen.se\/kontakt\"><\/a><\/p>\n\n<div class=\"wp-block-buttons is-layout-flex wp-block-buttons-is-layout-flex\">\n<div class=\"wp-block-button\"><a class=\"wp-block-button__link has-white-color has-text-color has-background has-link-color wp-element-button\" href=\"\/?page_id=1131\" style=\"background-color:#e1bbc8\">Faites une demande de devis<\/a><\/div>\n<\/div>\n\n<p><\/p>\n","protected":false},"excerpt":{"rendered":"<p>Le restaurant et la salle de banquet b\u00e9n\u00e9ficient d&rsquo;un cadre grandiose, avec vue sur les vieux bateaux de Skeppsholmen \u00e0 quai et, au-del\u00e0 de l&rsquo;eau, sur les majestueux Strandv\u00e4gen et Djurg\u00e5rden.  <\/p>\n","protected":false},"author":247968712,"featured_media":6787,"comment_status":"closed","ping_status":"closed","sticky":false,"template":"","format":"standard","meta":{"_acf_changed":false,"footnotes":""},"categories":[1372373,1372374],"tags":[],"class_list":["post-7400","post","type-post","status-publish","format-standard","has-post-thumbnail","hentry","category-actualites","category-sans-categorie"],"acf":[],"yoast_head":"<!-- This site is optimized with the Yoast SEO plugin v27.5 - https:\/\/yoast.com\/product\/yoast-seo-wordpress\/ -->\n<title>F\u00eates d&#039;entreprise au Moderna Museet - Skeppsholmsgruppen<\/title>\n<meta name=\"robots\" content=\"index, follow, max-snippet:-1, max-image-preview:large, max-video-preview:-1\" \/>\n<link rel=\"canonical\" href=\"https:\/\/www.skeppsholmsgruppen.se\/fr\/fetes-dentreprise-au-moderna-museet\/\" \/>\n<meta property=\"og:locale\" content=\"fr_FR\" \/>\n<meta property=\"og:type\" content=\"article\" \/>\n<meta property=\"og:title\" content=\"F\u00eates d&#039;entreprise au Moderna Museet - Skeppsholmsgruppen\" \/>\n<meta property=\"og:description\" content=\"Le restaurant et la salle de banquet b\u00e9n\u00e9ficient d&#039;un cadre grandiose, avec vue sur les vieux bateaux de Skeppsholmen \u00e0 quai et, au-del\u00e0 de l&#039;eau, sur les majestueux Strandv\u00e4gen et Djurg\u00e5rden.\" \/>\n<meta property=\"og:url\" content=\"https:\/\/www.skeppsholmsgruppen.se\/fr\/fetes-dentreprise-au-moderna-museet\/\" \/>\n<meta property=\"og:site_name\" content=\"Skeppsholmsgruppen\" \/>\n<meta property=\"article:published_time\" content=\"2023-12-11T15:27:40+00:00\" \/>\n<meta property=\"article:modified_time\" content=\"2025-04-28T09:10:08+00:00\" \/>\n<meta property=\"og:image\" content=\"https:\/\/www.skeppsholmsgruppen.se\/wp-content\/uploads\/2024\/05\/image-7.jpeg\" \/>\n\t<meta property=\"og:image:width\" content=\"1156\" \/>\n\t<meta property=\"og:image:height\" content=\"770\" \/>\n\t<meta property=\"og:image:type\" content=\"image\/jpeg\" \/>\n<meta name=\"author\" content=\"skeppsholmsgruppen1\" \/>\n<meta name=\"twitter:card\" content=\"summary_large_image\" \/>\n<meta name=\"twitter:label1\" content=\"\u00c9crit par\" \/>\n\t<meta name=\"twitter:data1\" content=\"skeppsholmsgruppen1\" \/>\n\t<meta name=\"twitter:label2\" content=\"Dur\u00e9e de lecture estim\u00e9e\" \/>\n\t<meta name=\"twitter:data2\" content=\"1 minute\" \/>\n<script type=\"application\/ld+json\" class=\"yoast-schema-graph\">{\"@context\":\"https:\\\/\\\/schema.org\",\"@graph\":[{\"@type\":\"Article\",\"@id\":\"https:\\\/\\\/www.skeppsholmsgruppen.se\\\/fr\\\/fetes-dentreprise-au-moderna-museet\\\/#article\",\"isPartOf\":{\"@id\":\"https:\\\/\\\/www.skeppsholmsgruppen.se\\\/fr\\\/fetes-dentreprise-au-moderna-museet\\\/\"},\"author\":{\"name\":\"skeppsholmsgruppen1\",\"@id\":\"https:\\\/\\\/skeppsholmsgruppen.se\\\/#\\\/schema\\\/person\\\/3467ca66e78055fa878670a508c56258\"},\"headline\":\"F\u00eates d&rsquo;entreprise au Moderna Museet\",\"datePublished\":\"2023-12-11T15:27:40+00:00\",\"dateModified\":\"2025-04-28T09:10:08+00:00\",\"mainEntityOfPage\":{\"@id\":\"https:\\\/\\\/www.skeppsholmsgruppen.se\\\/fr\\\/fetes-dentreprise-au-moderna-museet\\\/\"},\"wordCount\":299,\"publisher\":{\"@id\":\"https:\\\/\\\/skeppsholmsgruppen.se\\\/#organization\"},\"image\":{\"@id\":\"https:\\\/\\\/www.skeppsholmsgruppen.se\\\/fr\\\/fetes-dentreprise-au-moderna-museet\\\/#primaryimage\"},\"thumbnailUrl\":\"https:\\\/\\\/www.skeppsholmsgruppen.se\\\/wp-content\\\/uploads\\\/2024\\\/05\\\/image-7.jpeg\",\"articleSection\":[\"Actualit\u00e9s\",\"Sans cat\u00e9gorie\"],\"inLanguage\":\"fr-FR\"},{\"@type\":\"WebPage\",\"@id\":\"https:\\\/\\\/www.skeppsholmsgruppen.se\\\/fr\\\/fetes-dentreprise-au-moderna-museet\\\/\",\"url\":\"https:\\\/\\\/www.skeppsholmsgruppen.se\\\/fr\\\/fetes-dentreprise-au-moderna-museet\\\/\",\"name\":\"F\u00eates d'entreprise au Moderna Museet - Skeppsholmsgruppen\",\"isPartOf\":{\"@id\":\"https:\\\/\\\/skeppsholmsgruppen.se\\\/#website\"},\"primaryImageOfPage\":{\"@id\":\"https:\\\/\\\/www.skeppsholmsgruppen.se\\\/fr\\\/fetes-dentreprise-au-moderna-museet\\\/#primaryimage\"},\"image\":{\"@id\":\"https:\\\/\\\/www.skeppsholmsgruppen.se\\\/fr\\\/fetes-dentreprise-au-moderna-museet\\\/#primaryimage\"},\"thumbnailUrl\":\"https:\\\/\\\/www.skeppsholmsgruppen.se\\\/wp-content\\\/uploads\\\/2024\\\/05\\\/image-7.jpeg\",\"datePublished\":\"2023-12-11T15:27:40+00:00\",\"dateModified\":\"2025-04-28T09:10:08+00:00\",\"breadcrumb\":{\"@id\":\"https:\\\/\\\/www.skeppsholmsgruppen.se\\\/fr\\\/fetes-dentreprise-au-moderna-museet\\\/#breadcrumb\"},\"inLanguage\":\"fr-FR\",\"potentialAction\":[{\"@type\":\"ReadAction\",\"target\":[\"https:\\\/\\\/www.skeppsholmsgruppen.se\\\/fr\\\/fetes-dentreprise-au-moderna-museet\\\/\"]}]},{\"@type\":\"ImageObject\",\"inLanguage\":\"fr-FR\",\"@id\":\"https:\\\/\\\/www.skeppsholmsgruppen.se\\\/fr\\\/fetes-dentreprise-au-moderna-museet\\\/#primaryimage\",\"url\":\"https:\\\/\\\/www.skeppsholmsgruppen.se\\\/wp-content\\\/uploads\\\/2024\\\/05\\\/image-7.jpeg\",\"contentUrl\":\"https:\\\/\\\/www.skeppsholmsgruppen.se\\\/wp-content\\\/uploads\\\/2024\\\/05\\\/image-7.jpeg\",\"width\":1156,\"height\":770},{\"@type\":\"BreadcrumbList\",\"@id\":\"https:\\\/\\\/www.skeppsholmsgruppen.se\\\/fr\\\/fetes-dentreprise-au-moderna-museet\\\/#breadcrumb\",\"itemListElement\":[{\"@type\":\"ListItem\",\"position\":1,\"name\":\"Hem\",\"item\":\"https:\\\/\\\/www.skeppsholmsgruppen.se\\\/fr\\\/\"},{\"@type\":\"ListItem\",\"position\":2,\"name\":\"F\u00eates d&#8217;entreprise au Moderna Museet\"}]},{\"@type\":\"WebSite\",\"@id\":\"https:\\\/\\\/skeppsholmsgruppen.se\\\/#website\",\"url\":\"https:\\\/\\\/skeppsholmsgruppen.se\\\/\",\"name\":\"Skeppsholmsgruppen\",\"description\":\"En historisk p\u00e4rla f\u00f6r konferens, event och fest bel\u00e4gen mitt i hj\u00e4rtat av Stockhom.\",\"publisher\":{\"@id\":\"https:\\\/\\\/skeppsholmsgruppen.se\\\/#organization\"},\"potentialAction\":[{\"@type\":\"SearchAction\",\"target\":{\"@type\":\"EntryPoint\",\"urlTemplate\":\"https:\\\/\\\/skeppsholmsgruppen.se\\\/?s={search_term_string}\"},\"query-input\":{\"@type\":\"PropertyValueSpecification\",\"valueRequired\":true,\"valueName\":\"search_term_string\"}}],\"inLanguage\":\"fr-FR\"},{\"@type\":\"Organization\",\"@id\":\"https:\\\/\\\/skeppsholmsgruppen.se\\\/#organization\",\"name\":\"Skeppsholmsgruppen\",\"url\":\"https:\\\/\\\/skeppsholmsgruppen.se\\\/\",\"logo\":{\"@type\":\"ImageObject\",\"inLanguage\":\"fr-FR\",\"@id\":\"https:\\\/\\\/skeppsholmsgruppen.se\\\/#\\\/schema\\\/logo\\\/image\\\/\",\"url\":\"https:\\\/\\\/www.skeppsholmsgruppen.se\\\/wp-content\\\/uploads\\\/2024\\\/03\\\/SHG-icon-white-130.png\",\"contentUrl\":\"https:\\\/\\\/www.skeppsholmsgruppen.se\\\/wp-content\\\/uploads\\\/2024\\\/03\\\/SHG-icon-white-130.png\",\"width\":130,\"height\":130,\"caption\":\"Skeppsholmsgruppen\"},\"image\":{\"@id\":\"https:\\\/\\\/skeppsholmsgruppen.se\\\/#\\\/schema\\\/logo\\\/image\\\/\"}},{\"@type\":\"Person\",\"@id\":\"https:\\\/\\\/skeppsholmsgruppen.se\\\/#\\\/schema\\\/person\\\/3467ca66e78055fa878670a508c56258\",\"name\":\"skeppsholmsgruppen1\",\"image\":{\"@type\":\"ImageObject\",\"inLanguage\":\"fr-FR\",\"@id\":\"https:\\\/\\\/secure.gravatar.com\\\/avatar\\\/af48df16b1b8af0bad113865b12c318ae400e2d2784467d83bce9a60aa66732f?s=96&d=mm&r=g\",\"url\":\"https:\\\/\\\/secure.gravatar.com\\\/avatar\\\/af48df16b1b8af0bad113865b12c318ae400e2d2784467d83bce9a60aa66732f?s=96&d=mm&r=g\",\"contentUrl\":\"https:\\\/\\\/secure.gravatar.com\\\/avatar\\\/af48df16b1b8af0bad113865b12c318ae400e2d2784467d83bce9a60aa66732f?s=96&d=mm&r=g\",\"caption\":\"skeppsholmsgruppen1\"},\"sameAs\":[\"http:\\\/\\\/skeppsholmsgruppense.wordpress.com\"],\"url\":\"https:\\\/\\\/www.skeppsholmsgruppen.se\\\/fr\\\/author\\\/skeppsholmsgruppen1\\\/\"}]}<\/script>\n<!-- \/ Yoast SEO plugin. -->","yoast_head_json":{"title":"F\u00eates d'entreprise au Moderna Museet - Skeppsholmsgruppen","robots":{"index":"index","follow":"follow","max-snippet":"max-snippet:-1","max-image-preview":"max-image-preview:large","max-video-preview":"max-video-preview:-1"},"canonical":"https:\/\/www.skeppsholmsgruppen.se\/fr\/fetes-dentreprise-au-moderna-museet\/","og_locale":"fr_FR","og_type":"article","og_title":"F\u00eates d'entreprise au Moderna Museet - Skeppsholmsgruppen","og_description":"Le restaurant et la salle de banquet b\u00e9n\u00e9ficient d'un cadre grandiose, avec vue sur les vieux bateaux de Skeppsholmen \u00e0 quai et, au-del\u00e0 de l'eau, sur les majestueux Strandv\u00e4gen et Djurg\u00e5rden.","og_url":"https:\/\/www.skeppsholmsgruppen.se\/fr\/fetes-dentreprise-au-moderna-museet\/","og_site_name":"Skeppsholmsgruppen","article_published_time":"2023-12-11T15:27:40+00:00","article_modified_time":"2025-04-28T09:10:08+00:00","og_image":[{"width":1156,"height":770,"url":"https:\/\/www.skeppsholmsgruppen.se\/wp-content\/uploads\/2024\/05\/image-7.jpeg","type":"image\/jpeg"}],"author":"skeppsholmsgruppen1","twitter_card":"summary_large_image","twitter_misc":{"\u00c9crit par":"skeppsholmsgruppen1","Dur\u00e9e de lecture estim\u00e9e":"1 minute"},"schema":{"@context":"https:\/\/schema.org","@graph":[{"@type":"Article","@id":"https:\/\/www.skeppsholmsgruppen.se\/fr\/fetes-dentreprise-au-moderna-museet\/#article","isPartOf":{"@id":"https:\/\/www.skeppsholmsgruppen.se\/fr\/fetes-dentreprise-au-moderna-museet\/"},"author":{"name":"skeppsholmsgruppen1","@id":"https:\/\/skeppsholmsgruppen.se\/#\/schema\/person\/3467ca66e78055fa878670a508c56258"},"headline":"F\u00eates d&rsquo;entreprise au Moderna Museet","datePublished":"2023-12-11T15:27:40+00:00","dateModified":"2025-04-28T09:10:08+00:00","mainEntityOfPage":{"@id":"https:\/\/www.skeppsholmsgruppen.se\/fr\/fetes-dentreprise-au-moderna-museet\/"},"wordCount":299,"publisher":{"@id":"https:\/\/skeppsholmsgruppen.se\/#organization"},"image":{"@id":"https:\/\/www.skeppsholmsgruppen.se\/fr\/fetes-dentreprise-au-moderna-museet\/#primaryimage"},"thumbnailUrl":"https:\/\/www.skeppsholmsgruppen.se\/wp-content\/uploads\/2024\/05\/image-7.jpeg","articleSection":["Actualit\u00e9s","Sans cat\u00e9gorie"],"inLanguage":"fr-FR"},{"@type":"WebPage","@id":"https:\/\/www.skeppsholmsgruppen.se\/fr\/fetes-dentreprise-au-moderna-museet\/","url":"https:\/\/www.skeppsholmsgruppen.se\/fr\/fetes-dentreprise-au-moderna-museet\/","name":"F\u00eates d'entreprise au Moderna Museet - Skeppsholmsgruppen","isPartOf":{"@id":"https:\/\/skeppsholmsgruppen.se\/#website"},"primaryImageOfPage":{"@id":"https:\/\/www.skeppsholmsgruppen.se\/fr\/fetes-dentreprise-au-moderna-museet\/#primaryimage"},"image":{"@id":"https:\/\/www.skeppsholmsgruppen.se\/fr\/fetes-dentreprise-au-moderna-museet\/#primaryimage"},"thumbnailUrl":"https:\/\/www.skeppsholmsgruppen.se\/wp-content\/uploads\/2024\/05\/image-7.jpeg","datePublished":"2023-12-11T15:27:40+00:00","dateModified":"2025-04-28T09:10:08+00:00","breadcrumb":{"@id":"https:\/\/www.skeppsholmsgruppen.se\/fr\/fetes-dentreprise-au-moderna-museet\/#breadcrumb"},"inLanguage":"fr-FR","potentialAction":[{"@type":"ReadAction","target":["https:\/\/www.skeppsholmsgruppen.se\/fr\/fetes-dentreprise-au-moderna-museet\/"]}]},{"@type":"ImageObject","inLanguage":"fr-FR","@id":"https:\/\/www.skeppsholmsgruppen.se\/fr\/fetes-dentreprise-au-moderna-museet\/#primaryimage","url":"https:\/\/www.skeppsholmsgruppen.se\/wp-content\/uploads\/2024\/05\/image-7.jpeg","contentUrl":"https:\/\/www.skeppsholmsgruppen.se\/wp-content\/uploads\/2024\/05\/image-7.jpeg","width":1156,"height":770},{"@type":"BreadcrumbList","@id":"https:\/\/www.skeppsholmsgruppen.se\/fr\/fetes-dentreprise-au-moderna-museet\/#breadcrumb","itemListElement":[{"@type":"ListItem","position":1,"name":"Hem","item":"https:\/\/www.skeppsholmsgruppen.se\/fr\/"},{"@type":"ListItem","position":2,"name":"F\u00eates d&#8217;entreprise au Moderna Museet"}]},{"@type":"WebSite","@id":"https:\/\/skeppsholmsgruppen.se\/#website","url":"https:\/\/skeppsholmsgruppen.se\/","name":"Skeppsholmsgruppen","description":"En historisk p\u00e4rla f\u00f6r konferens, event och fest bel\u00e4gen mitt i hj\u00e4rtat av Stockhom.","publisher":{"@id":"https:\/\/skeppsholmsgruppen.se\/#organization"},"potentialAction":[{"@type":"SearchAction","target":{"@type":"EntryPoint","urlTemplate":"https:\/\/skeppsholmsgruppen.se\/?s={search_term_string}"},"query-input":{"@type":"PropertyValueSpecification","valueRequired":true,"valueName":"search_term_string"}}],"inLanguage":"fr-FR"},{"@type":"Organization","@id":"https:\/\/skeppsholmsgruppen.se\/#organization","name":"Skeppsholmsgruppen","url":"https:\/\/skeppsholmsgruppen.se\/","logo":{"@type":"ImageObject","inLanguage":"fr-FR","@id":"https:\/\/skeppsholmsgruppen.se\/#\/schema\/logo\/image\/","url":"https:\/\/www.skeppsholmsgruppen.se\/wp-content\/uploads\/2024\/03\/SHG-icon-white-130.png","contentUrl":"https:\/\/www.skeppsholmsgruppen.se\/wp-content\/uploads\/2024\/03\/SHG-icon-white-130.png","width":130,"height":130,"caption":"Skeppsholmsgruppen"},"image":{"@id":"https:\/\/skeppsholmsgruppen.se\/#\/schema\/logo\/image\/"}},{"@type":"Person","@id":"https:\/\/skeppsholmsgruppen.se\/#\/schema\/person\/3467ca66e78055fa878670a508c56258","name":"skeppsholmsgruppen1","image":{"@type":"ImageObject","inLanguage":"fr-FR","@id":"https:\/\/secure.gravatar.com\/avatar\/af48df16b1b8af0bad113865b12c318ae400e2d2784467d83bce9a60aa66732f?s=96&d=mm&r=g","url":"https:\/\/secure.gravatar.com\/avatar\/af48df16b1b8af0bad113865b12c318ae400e2d2784467d83bce9a60aa66732f?s=96&d=mm&r=g","contentUrl":"https:\/\/secure.gravatar.com\/avatar\/af48df16b1b8af0bad113865b12c318ae400e2d2784467d83bce9a60aa66732f?s=96&d=mm&r=g","caption":"skeppsholmsgruppen1"},"sameAs":["http:\/\/skeppsholmsgruppense.wordpress.com"],"url":"https:\/\/www.skeppsholmsgruppen.se\/fr\/author\/skeppsholmsgruppen1\/"}]}},"_links":{"self":[{"href":"https:\/\/www.skeppsholmsgruppen.se\/fr\/wp-json\/wp\/v2\/posts\/7400","targetHints":{"allow":["GET"]}}],"collection":[{"href":"https:\/\/www.skeppsholmsgruppen.se\/fr\/wp-json\/wp\/v2\/posts"}],"about":[{"href":"https:\/\/www.skeppsholmsgruppen.se\/fr\/wp-json\/wp\/v2\/types\/post"}],"author":[{"embeddable":true,"href":"https:\/\/www.skeppsholmsgruppen.se\/fr\/wp-json\/wp\/v2\/users\/247968712"}],"replies":[{"embeddable":true,"href":"https:\/\/www.skeppsholmsgruppen.se\/fr\/wp-json\/wp\/v2\/comments?post=7400"}],"version-history":[{"count":3,"href":"https:\/\/www.skeppsholmsgruppen.se\/fr\/wp-json\/wp\/v2\/posts\/7400\/revisions"}],"predecessor-version":[{"id":20120,"href":"https:\/\/www.skeppsholmsgruppen.se\/fr\/wp-json\/wp\/v2\/posts\/7400\/revisions\/20120"}],"wp:featuredmedia":[{"embeddable":true,"href":"https:\/\/www.skeppsholmsgruppen.se\/fr\/wp-json\/wp\/v2\/media\/6787"}],"wp:attachment":[{"href":"https:\/\/www.skeppsholmsgruppen.se\/fr\/wp-json\/wp\/v2\/media?parent=7400"}],"wp:term":[{"taxonomy":"category","embeddable":true,"href":"https:\/\/www.skeppsholmsgruppen.se\/fr\/wp-json\/wp\/v2\/categories?post=7400"},{"taxonomy":"post_tag","embeddable":true,"href":"https:\/\/www.skeppsholmsgruppen.se\/fr\/wp-json\/wp\/v2\/tags?post=7400"}],"curies":[{"name":"wp","href":"https:\/\/api.w.org\/{rel}","templated":true}]}}